
{"id":26445,"date":"2021-05-10T21:08:00","date_gmt":"2021-05-10T21:08:00","guid":{"rendered":"https:\/\/www.lejournalduforkane.com\/?p=26445"},"modified":"2021-05-10T21:32:30","modified_gmt":"2021-05-10T21:32:30","slug":"video-la-resistance-tire-des-missiles-de-represailles-sur-askalan","status":"publish","type":"post","link":"https:\/\/www.lejournalduforkane.com\/index.php\/video-la-resistance-tire-des-missiles-de-represailles-sur-askalan\/","title":{"rendered":"Vid\u00e9o | La r\u00e9sistance tire des missiles de repr\u00e9sailles sur Askalan"},"content":{"rendered":"<div class=\"kvgmc6g5 cxmmr5t8 oygrvhab hcukyx3x c1et5uql ii04i59q\">\n<div dir=\"auto\">La r\u00e9sistance \u00e0 Gaza a tir\u00e9 des missiles sur l&rsquo;Askalan occup\u00e9 dans la nuit de dimanche au milieu des attaques continues isra\u00e9liennes contre les fid\u00e8les de la mosqu\u00e9e Al Aqsa et les habitants du quartier de Sheikh Jarrah.<\/div>\n<\/div>\n<div class=\"o9v6fnle cxmmr5t8 oygrvhab hcukyx3x c1et5uql ii04i59q\">\n<div dir=\"auto\">Les m\u00e9dias isra\u00e9liens ont rapport\u00e9 que des sir\u00e8nes retentissaient dans les colonies entourant la bande de Gaza et occupaient l&rsquo;Askalan. Les sons des sir\u00e8nes ont \u00e9t\u00e9 suivis de sons d\u2019explosions massives.<\/div>\n<\/div>\n<div class=\"o9v6fnle cxmmr5t8 oygrvhab hcukyx3x c1et5uql ii04i59q\">\n<div dir=\"auto\">Le site Web isra\u00e9lien de Wallah a d\u00e9clar\u00e9 que l&rsquo;arm\u00e9e isra\u00e9lienne avait rep\u00e9r\u00e9 le tir de deux missiles sur l&rsquo;Askalan occup\u00e9. Aucun autre d\u00e9tail n&rsquo;a \u00e9t\u00e9 fourni.<\/div>\n<\/div>\n<div class=\"o9v6fnle cxmmr5t8 oygrvhab hcukyx3x c1et5uql ii04i59q\">\n<div dir=\"auto\">La r\u00e9sistance avait mis en garde l&rsquo;Etat d&rsquo;occupation des cons\u00e9quences de ses attaques contre les Palestiniens de J\u00e9rusalem.<\/div>\n<\/div>\n<div class=\"o9v6fnle cxmmr5t8 oygrvhab hcukyx3x c1et5uql ii04i59q\">\n<div dir=\"auto\">Le commandant en chef des brigades Al Qassam, Muhammad Deif, a d\u00e9clar\u00e9 que la r\u00e9sistance soutiendrait le peuple de J\u00e9rusalem et ne resterait pas les bras crois\u00e9s.<\/div>\n<\/div>\n<div dir=\"auto\">\n<div style=\"width: 426px;\" class=\"wp-video\"><!--[if lt IE 9]><script>document.createElement('video');<\/script><![endif]-->\n<video class=\"wp-video-shortcode\" id=\"video-26445-1\" width=\"426\" height=\"236\" preload=\"metadata\" controls=\"controls\"><source type=\"video\/mp4\" src=\"https:\/\/www.lejournalduforkane.com\/wp-content\/uploads\/2021\/05\/182815930_973304000085629_8482678498062345826_n.mp4?_=1\" \/><a href=\"https:\/\/www.lejournalduforkane.com\/wp-content\/uploads\/2021\/05\/182815930_973304000085629_8482678498062345826_n.mp4\">https:\/\/www.lejournalduforkane.com\/wp-content\/uploads\/2021\/05\/182815930_973304000085629_8482678498062345826_n.mp4<\/a><\/video><\/div>\n<\/div>\n","protected":false},"excerpt":{"rendered":"<p>La r\u00e9sistance \u00e0 Gaza a tir\u00e9 des missiles sur l&rsquo;Askalan occup\u00e9 dans la nuit de dimanche au milieu des attaques continues isra\u00e9liennes contre les fid\u00e8les de la mosqu\u00e9e Al Aqsa<\/p>\n","protected":false},"author":2,"featured_media":26447,"comment_status":"closed","ping_status":"open","sticky":false,"template":"","format":"standard","meta":[],"categories":[],"tags":[],"_links":{"self":[{"href":"https:\/\/www.lejournalduforkane.com\/index.php\/wp-json\/wp\/v2\/posts\/26445"}],"collection":[{"href":"https:\/\/www.lejournalduforkane.com\/index.php\/wp-json\/wp\/v2\/posts"}],"about":[{"href":"https:\/\/www.lejournalduforkane.com\/index.php\/wp-json\/wp\/v2\/types\/post"}],"author":[{"embeddable":true,"href":"https:\/\/www.lejournalduforkane.com\/index.php\/wp-json\/wp\/v2\/users\/2"}],"replies":[{"embeddable":true,"href":"https:\/\/www.lejournalduforkane.com\/index.php\/wp-json\/wp\/v2\/comments?post=26445"}],"version-history":[{"count":1,"href":"https:\/\/www.lejournalduforkane.com\/index.php\/wp-json\/wp\/v2\/posts\/26445\/revisions"}],"predecessor-version":[{"id":26448,"href":"https:\/\/www.lejournalduforkane.com\/index.php\/wp-json\/wp\/v2\/posts\/26445\/revisions\/26448"}],"wp:featuredmedia":[{"embeddable":true,"href":"https:\/\/www.lejournalduforkane.com\/index.php\/wp-json\/wp\/v2\/media\/26447"}],"wp:attachment":[{"href":"https:\/\/www.lejournalduforkane.com\/index.php\/wp-json\/wp\/v2\/media?parent=26445"}],"wp:term":[{"taxonomy":"category","embeddable":true,"href":"https:\/\/www.lejournalduforkane.com\/index.php\/wp-json\/wp\/v2\/categories?post=26445"},{"taxonomy":"post_tag","embeddable":true,"href":"https:\/\/www.lejournalduforkane.com\/index.php\/wp-json\/wp\/v2\/tags?post=26445"}],"curies":[{"name":"wp","href":"https:\/\/api.w.org\/{rel}","templated":true}]}}