
{"id":26449,"date":"2021-05-10T21:07:00","date_gmt":"2021-05-10T21:07:00","guid":{"rendered":"https:\/\/www.lejournalduforkane.com\/?p=26449"},"modified":"2021-05-10T21:36:09","modified_gmt":"2021-05-10T21:36:09","slug":"apres-des-heures-de-defense-du-complexe-de-la-mosquee-al-aqsa-a-jerusalem-occupee-face-a-lattaque-barbare-de-la-police-israelienne","status":"publish","type":"post","link":"https:\/\/www.lejournalduforkane.com\/index.php\/apres-des-heures-de-defense-du-complexe-de-la-mosquee-al-aqsa-a-jerusalem-occupee-face-a-lattaque-barbare-de-la-police-israelienne\/","title":{"rendered":"Apr\u00e8s des heures de d\u00e9fense du complexe de la mosqu\u00e9e Al-Aqsa \u00e0 J\u00e9rusalem occup\u00e9e face \u00e0 l&rsquo;attaque barbare de la police isra\u00e9lienne"},"content":{"rendered":"<p><img loading=\"lazy\" class=\"alignnone size-full wp-image-26450\" src=\"https:\/\/www.lejournalduforkane.com\/wp-content\/uploads\/2021\/05\/Apres-des-heures-de-defense-du-complexe-de-la-mosquee-Al-Aqsa-a-Jerusalem-occupee-face-a-lattaque-barbare-de-la-police-israelienne3.jpg\" alt=\"\" width=\"600\" height=\"450\" srcset=\"https:\/\/www.lejournalduforkane.com\/wp-content\/uploads\/2021\/05\/Apres-des-heures-de-defense-du-complexe-de-la-mosquee-Al-Aqsa-a-Jerusalem-occupee-face-a-lattaque-barbare-de-la-police-israelienne3.jpg 600w, https:\/\/www.lejournalduforkane.com\/wp-content\/uploads\/2021\/05\/Apres-des-heures-de-defense-du-complexe-de-la-mosquee-Al-Aqsa-a-Jerusalem-occupee-face-a-lattaque-barbare-de-la-police-israelienne3-300x225.jpg 300w\" sizes=\"(max-width: 600px) 100vw, 600px\" \/> <img loading=\"lazy\" class=\"alignnone size-full wp-image-26451\" src=\"https:\/\/www.lejournalduforkane.com\/wp-content\/uploads\/2021\/05\/Apres-des-heures-de-defense-du-complexe-de-la-mosquee-Al-Aqsa-a-Jerusalem-occupee-face-a-lattaque-barbare-de-la-police-israelienne2.jpg\" alt=\"\" width=\"450\" height=\"600\" srcset=\"https:\/\/www.lejournalduforkane.com\/wp-content\/uploads\/2021\/05\/Apres-des-heures-de-defense-du-complexe-de-la-mosquee-Al-Aqsa-a-Jerusalem-occupee-face-a-lattaque-barbare-de-la-police-israelienne2.jpg 450w, https:\/\/www.lejournalduforkane.com\/wp-content\/uploads\/2021\/05\/Apres-des-heures-de-defense-du-complexe-de-la-mosquee-Al-Aqsa-a-Jerusalem-occupee-face-a-lattaque-barbare-de-la-police-israelienne2-225x300.jpg 225w\" sizes=\"(max-width: 450px) 100vw, 450px\" \/> <img loading=\"lazy\" class=\"alignnone size-full wp-image-26452\" src=\"https:\/\/www.lejournalduforkane.com\/wp-content\/uploads\/2021\/05\/Apres-des-heures-de-defense-du-complexe-de-la-mosquee-Al-Aqsa-a-Jerusalem-occupee-face-a-lattaque-barbare-de-la-police-israelienne1.jpg\" alt=\"\" width=\"600\" height=\"450\" srcset=\"https:\/\/www.lejournalduforkane.com\/wp-content\/uploads\/2021\/05\/Apres-des-heures-de-defense-du-complexe-de-la-mosquee-Al-Aqsa-a-Jerusalem-occupee-face-a-lattaque-barbare-de-la-police-israelienne1.jpg 600w, https:\/\/www.lejournalduforkane.com\/wp-content\/uploads\/2021\/05\/Apres-des-heures-de-defense-du-complexe-de-la-mosquee-Al-Aqsa-a-Jerusalem-occupee-face-a-lattaque-barbare-de-la-police-israelienne1-300x225.jpg 300w\" sizes=\"(max-width: 600px) 100vw, 600px\" \/> <img loading=\"lazy\" class=\"alignnone size-full wp-image-26453\" src=\"https:\/\/www.lejournalduforkane.com\/wp-content\/uploads\/2021\/05\/Apres-des-heures-de-defense-du-complexe-de-la-mosquee-Al-Aqsa-a-Jerusalem-occupee-face-a-lattaque-barbare-de-la-police-israelienne.jpg\" alt=\"\" width=\"600\" height=\"450\" srcset=\"https:\/\/www.lejournalduforkane.com\/wp-content\/uploads\/2021\/05\/Apres-des-heures-de-defense-du-complexe-de-la-mosquee-Al-Aqsa-a-Jerusalem-occupee-face-a-lattaque-barbare-de-la-police-israelienne.jpg 600w, https:\/\/www.lejournalduforkane.com\/wp-content\/uploads\/2021\/05\/Apres-des-heures-de-defense-du-complexe-de-la-mosquee-Al-Aqsa-a-Jerusalem-occupee-face-a-lattaque-barbare-de-la-police-israelienne-300x225.jpg 300w\" sizes=\"(max-width: 600px) 100vw, 600px\" \/><\/p>\n","protected":false},"excerpt":{"rendered":"","protected":false},"author":2,"featured_media":26453,"comment_status":"closed","ping_status":"closed","sticky":false,"template":"","format":"standard","meta":[],"categories":[],"tags":[],"_links":{"self":[{"href":"https:\/\/www.lejournalduforkane.com\/index.php\/wp-json\/wp\/v2\/posts\/26449"}],"collection":[{"href":"https:\/\/www.lejournalduforkane.com\/index.php\/wp-json\/wp\/v2\/posts"}],"about":[{"href":"https:\/\/www.lejournalduforkane.com\/index.php\/wp-json\/wp\/v2\/types\/post"}],"author":[{"embeddable":true,"href":"https:\/\/www.lejournalduforkane.com\/index.php\/wp-json\/wp\/v2\/users\/2"}],"replies":[{"embeddable":true,"href":"https:\/\/www.lejournalduforkane.com\/index.php\/wp-json\/wp\/v2\/comments?post=26449"}],"version-history":[{"count":1,"href":"https:\/\/www.lejournalduforkane.com\/index.php\/wp-json\/wp\/v2\/posts\/26449\/revisions"}],"predecessor-version":[{"id":26454,"href":"https:\/\/www.lejournalduforkane.com\/index.php\/wp-json\/wp\/v2\/posts\/26449\/revisions\/26454"}],"wp:featuredmedia":[{"embeddable":true,"href":"https:\/\/www.lejournalduforkane.com\/index.php\/wp-json\/wp\/v2\/media\/26453"}],"wp:attachment":[{"href":"https:\/\/www.lejournalduforkane.com\/index.php\/wp-json\/wp\/v2\/media?parent=26449"}],"wp:term":[{"taxonomy":"category","embeddable":true,"href":"https:\/\/www.lejournalduforkane.com\/index.php\/wp-json\/wp\/v2\/categories?post=26449"},{"taxonomy":"post_tag","embeddable":true,"href":"https:\/\/www.lejournalduforkane.com\/index.php\/wp-json\/wp\/v2\/tags?post=26449"}],"curies":[{"name":"wp","href":"https:\/\/api.w.org\/{rel}","templated":true}]}}