
{"id":26484,"date":"2021-05-12T17:16:43","date_gmt":"2021-05-12T17:16:43","guid":{"rendered":"https:\/\/www.lejournalduforkane.com\/?p=26484"},"modified":"2021-05-12T17:16:45","modified_gmt":"2021-05-12T17:16:45","slug":"slogan-des-milliers-de-palestiniens-restes-toute-la-soiree-sur-le-site-dal-aqsa-contre-loccupation-israelienne","status":"publish","type":"post","link":"https:\/\/www.lejournalduforkane.com\/index.php\/slogan-des-milliers-de-palestiniens-restes-toute-la-soiree-sur-le-site-dal-aqsa-contre-loccupation-israelienne\/","title":{"rendered":"Slogan des milliers de Palestiniens rest\u00e9s toute la soir\u00e9e sur le site d&rsquo;Al-Aqsa contre l&rsquo;occupation isra\u00e9lienne."},"content":{"rendered":"\n<figure class=\"wp-block-embed is-type-video is-provider-youtube wp-block-embed-youtube wp-embed-aspect-16-9 wp-has-aspect-ratio\"><div class=\"wp-block-embed__wrapper\">\n<iframe loading=\"lazy\" title=\"Le muezzin d&#039;Al-Aqsa appelle les Palestiniens au secours\" width=\"500\" height=\"281\" src=\"https:\/\/www.youtube.com\/embed\/8YfGB3nqvbU?feature=oembed\" frameborder=\"0\" allow=\"accelerometer; autoplay; clipboard-write; encrypted-media; gyroscope; picture-in-picture\" allowfullscreen><\/iframe>\n<\/div><\/figure>\n\n\n\n<p><\/p>\n","protected":false},"excerpt":{"rendered":"https:\/\/www.youtube.com\/watch?v=8YfGB3nqvbU&amp;feature=youtu.be","protected":false},"author":2,"featured_media":26494,"comment_status":"closed","ping_status":"open","sticky":false,"template":"","format":"standard","meta":[],"categories":[],"tags":[],"_links":{"self":[{"href":"https:\/\/www.lejournalduforkane.com\/index.php\/wp-json\/wp\/v2\/posts\/26484"}],"collection":[{"href":"https:\/\/www.lejournalduforkane.com\/index.php\/wp-json\/wp\/v2\/posts"}],"about":[{"href":"https:\/\/www.lejournalduforkane.com\/index.php\/wp-json\/wp\/v2\/types\/post"}],"author":[{"embeddable":true,"href":"https:\/\/www.lejournalduforkane.com\/index.php\/wp-json\/wp\/v2\/users\/2"}],"replies":[{"embeddable":true,"href":"https:\/\/www.lejournalduforkane.com\/index.php\/wp-json\/wp\/v2\/comments?post=26484"}],"version-history":[{"count":1,"href":"https:\/\/www.lejournalduforkane.com\/index.php\/wp-json\/wp\/v2\/posts\/26484\/revisions"}],"predecessor-version":[{"id":26495,"href":"https:\/\/www.lejournalduforkane.com\/index.php\/wp-json\/wp\/v2\/posts\/26484\/revisions\/26495"}],"wp:featuredmedia":[{"embeddable":true,"href":"https:\/\/www.lejournalduforkane.com\/index.php\/wp-json\/wp\/v2\/media\/26494"}],"wp:attachment":[{"href":"https:\/\/www.lejournalduforkane.com\/index.php\/wp-json\/wp\/v2\/media?parent=26484"}],"wp:term":[{"taxonomy":"category","embeddable":true,"href":"https:\/\/www.lejournalduforkane.com\/index.php\/wp-json\/wp\/v2\/categories?post=26484"},{"taxonomy":"post_tag","embeddable":true,"href":"https:\/\/www.lejournalduforkane.com\/index.php\/wp-json\/wp\/v2\/tags?post=26484"}],"curies":[{"name":"wp","href":"https:\/\/api.w.org\/{rel}","templated":true}]}}