
{"id":26485,"date":"2021-05-12T17:02:30","date_gmt":"2021-05-12T17:02:30","guid":{"rendered":"https:\/\/www.lejournalduforkane.com\/?p=26485"},"modified":"2021-05-12T17:02:32","modified_gmt":"2021-05-12T17:02:32","slug":"les-fans-ecossais-du-celtic-fc-couvrent-les-tribunes-de-drapeaux-palestiniens-en-solidarite-avec-la-lutte-palestinienne-pour-la-liberte-et-la-dignite","status":"publish","type":"post","link":"https:\/\/www.lejournalduforkane.com\/index.php\/les-fans-ecossais-du-celtic-fc-couvrent-les-tribunes-de-drapeaux-palestiniens-en-solidarite-avec-la-lutte-palestinienne-pour-la-liberte-et-la-dignite\/","title":{"rendered":"Les fans \u00e9cossais du Celtic FC couvrent les tribunes de drapeaux palestiniens en solidarit\u00e9 avec la lutte palestinienne pour la libert\u00e9 et la dignit\u00e9."},"content":{"rendered":"<p><img loading=\"lazy\" class=\"alignnone size-full wp-image-26486\" src=\"https:\/\/www.lejournalduforkane.com\/wp-content\/uploads\/2021\/05\/Les-fans-ecossais-du-Celtic-FC-couvrent-les-tribunes-de-drapeaux-palestiniens-en-solidarite-avec-la-lutte-palestinienne-pour-la-liberte-et-la-dignit.jpg\" alt=\"\" width=\"600\" height=\"450\" srcset=\"https:\/\/www.lejournalduforkane.com\/wp-content\/uploads\/2021\/05\/Les-fans-ecossais-du-Celtic-FC-couvrent-les-tribunes-de-drapeaux-palestiniens-en-solidarite-avec-la-lutte-palestinienne-pour-la-liberte-et-la-dignit.jpg 600w, https:\/\/www.lejournalduforkane.com\/wp-content\/uploads\/2021\/05\/Les-fans-ecossais-du-Celtic-FC-couvrent-les-tribunes-de-drapeaux-palestiniens-en-solidarite-avec-la-lutte-palestinienne-pour-la-liberte-et-la-dignit-300x225.jpg 300w\" sizes=\"(max-width: 600px) 100vw, 600px\" \/> <img loading=\"lazy\" class=\"alignnone size-full wp-image-26487\" src=\"https:\/\/www.lejournalduforkane.com\/wp-content\/uploads\/2021\/05\/Les-fans-ecossais-du-Celtic-FC-couvrent-les-tribunes-de-drapeaux-palestiniens-en-solidarite-avec-la-lutte-palestinienne-pour-la-liberte-et-la-dignite..jpg\" alt=\"\" width=\"270\" height=\"360\" srcset=\"https:\/\/www.lejournalduforkane.com\/wp-content\/uploads\/2021\/05\/Les-fans-ecossais-du-Celtic-FC-couvrent-les-tribunes-de-drapeaux-palestiniens-en-solidarite-avec-la-lutte-palestinienne-pour-la-liberte-et-la-dignite..jpg 270w, https:\/\/www.lejournalduforkane.com\/wp-content\/uploads\/2021\/05\/Les-fans-ecossais-du-Celtic-FC-couvrent-les-tribunes-de-drapeaux-palestiniens-en-solidarite-avec-la-lutte-palestinienne-pour-la-liberte-et-la-dignite.-225x300.jpg 225w\" sizes=\"(max-width: 270px) 100vw, 270px\" \/><\/p>\n","protected":false},"excerpt":{"rendered":"","protected":false},"author":2,"featured_media":26487,"comment_status":"closed","ping_status":"open","sticky":false,"template":"","format":"standard","meta":[],"categories":[],"tags":[],"_links":{"self":[{"href":"https:\/\/www.lejournalduforkane.com\/index.php\/wp-json\/wp\/v2\/posts\/26485"}],"collection":[{"href":"https:\/\/www.lejournalduforkane.com\/index.php\/wp-json\/wp\/v2\/posts"}],"about":[{"href":"https:\/\/www.lejournalduforkane.com\/index.php\/wp-json\/wp\/v2\/types\/post"}],"author":[{"embeddable":true,"href":"https:\/\/www.lejournalduforkane.com\/index.php\/wp-json\/wp\/v2\/users\/2"}],"replies":[{"embeddable":true,"href":"https:\/\/www.lejournalduforkane.com\/index.php\/wp-json\/wp\/v2\/comments?post=26485"}],"version-history":[{"count":1,"href":"https:\/\/www.lejournalduforkane.com\/index.php\/wp-json\/wp\/v2\/posts\/26485\/revisions"}],"predecessor-version":[{"id":26488,"href":"https:\/\/www.lejournalduforkane.com\/index.php\/wp-json\/wp\/v2\/posts\/26485\/revisions\/26488"}],"wp:featuredmedia":[{"embeddable":true,"href":"https:\/\/www.lejournalduforkane.com\/index.php\/wp-json\/wp\/v2\/media\/26487"}],"wp:attachment":[{"href":"https:\/\/www.lejournalduforkane.com\/index.php\/wp-json\/wp\/v2\/media?parent=26485"}],"wp:term":[{"taxonomy":"category","embeddable":true,"href":"https:\/\/www.lejournalduforkane.com\/index.php\/wp-json\/wp\/v2\/categories?post=26485"},{"taxonomy":"post_tag","embeddable":true,"href":"https:\/\/www.lejournalduforkane.com\/index.php\/wp-json\/wp\/v2\/tags?post=26485"}],"curies":[{"name":"wp","href":"https:\/\/api.w.org\/{rel}","templated":true}]}}