
{"id":26526,"date":"2021-05-12T17:37:06","date_gmt":"2021-05-12T17:37:06","guid":{"rendered":"https:\/\/www.lejournalduforkane.com\/?p=26526"},"modified":"2021-05-12T17:37:07","modified_gmt":"2021-05-12T17:37:07","slug":"video-la-resistance-palestinienne-frappe-tel-aviv","status":"publish","type":"post","link":"https:\/\/www.lejournalduforkane.com\/index.php\/video-la-resistance-palestinienne-frappe-tel-aviv\/","title":{"rendered":"Vid\u00e9o | La r\u00e9sistance palestinienne frappe Tel Aviv"},"content":{"rendered":"<div class=\"kvgmc6g5 cxmmr5t8 oygrvhab hcukyx3x c1et5uql\">\n<div dir=\"auto\">La r\u00e9sistance a tir\u00e9 un barrage massif de missiles, frappant Tel Aviv, Askalan et Asdood.<\/div>\n<\/div>\n<div class=\"o9v6fnle cxmmr5t8 oygrvhab hcukyx3x c1et5uql\">\n<div dir=\"auto\">Le porte-parole d&rsquo;Al Qassam, Abu Obaida, a d\u00e9clar\u00e9 qu&rsquo;Al Qassam avait frapp\u00e9 Tel Aviv avec 130 missiles, ajoutant qu&rsquo;il y aurait une punition similaire si l&rsquo;Etat d&rsquo;occupation continue ses crimes.<\/div>\n<\/div>\n<div class=\"o9v6fnle cxmmr5t8 oygrvhab hcukyx3x c1et5uql\">\n<div dir=\"auto\">Al Qassam avait menac\u00e9 de frapper Tel Aviv si Isra\u00ebl frappait des tours r\u00e9sidentielles \u00e0 Gaza.<\/div>\n<\/div>\n<div class=\"o9v6fnle cxmmr5t8 oygrvhab hcukyx3x c1et5uql\">\n<div dir=\"auto\">Al Qassam a d\u00e9clar\u00e9 qu&rsquo;il avait cibl\u00e9 l&rsquo;a\u00e9roport Ben Gourion dans la ville occup\u00e9e.<\/div>\n<\/div>\n<div dir=\"auto\"><\/div>\n<div dir=\"auto\">\n<div style=\"width: 234px;\" class=\"wp-video\"><!--[if lt IE 9]><script>document.createElement('video');<\/script><![endif]-->\n<video class=\"wp-video-shortcode\" id=\"video-26526-1\" width=\"234\" height=\"426\" preload=\"metadata\" controls=\"controls\"><source type=\"video\/mp4\" src=\"https:\/\/www.lejournalduforkane.com\/wp-content\/uploads\/2021\/05\/183241936_492588062169326_1907369587044065012_n.mp4?_=1\" \/><a href=\"https:\/\/www.lejournalduforkane.com\/wp-content\/uploads\/2021\/05\/183241936_492588062169326_1907369587044065012_n.mp4\">https:\/\/www.lejournalduforkane.com\/wp-content\/uploads\/2021\/05\/183241936_492588062169326_1907369587044065012_n.mp4<\/a><\/video><\/div>\n<\/div>\n","protected":false},"excerpt":{"rendered":"<p>La r\u00e9sistance a tir\u00e9 un barrage massif de missiles, frappant Tel Aviv, Askalan et Asdood. Le porte-parole d&rsquo;Al Qassam, Abu Obaida, a d\u00e9clar\u00e9 qu&rsquo;Al Qassam avait frapp\u00e9 Tel Aviv avec<\/p>\n","protected":false},"author":2,"featured_media":26528,"comment_status":"closed","ping_status":"open","sticky":false,"template":"","format":"standard","meta":[],"categories":[],"tags":[],"_links":{"self":[{"href":"https:\/\/www.lejournalduforkane.com\/index.php\/wp-json\/wp\/v2\/posts\/26526"}],"collection":[{"href":"https:\/\/www.lejournalduforkane.com\/index.php\/wp-json\/wp\/v2\/posts"}],"about":[{"href":"https:\/\/www.lejournalduforkane.com\/index.php\/wp-json\/wp\/v2\/types\/post"}],"author":[{"embeddable":true,"href":"https:\/\/www.lejournalduforkane.com\/index.php\/wp-json\/wp\/v2\/users\/2"}],"replies":[{"embeddable":true,"href":"https:\/\/www.lejournalduforkane.com\/index.php\/wp-json\/wp\/v2\/comments?post=26526"}],"version-history":[{"count":1,"href":"https:\/\/www.lejournalduforkane.com\/index.php\/wp-json\/wp\/v2\/posts\/26526\/revisions"}],"predecessor-version":[{"id":26529,"href":"https:\/\/www.lejournalduforkane.com\/index.php\/wp-json\/wp\/v2\/posts\/26526\/revisions\/26529"}],"wp:featuredmedia":[{"embeddable":true,"href":"https:\/\/www.lejournalduforkane.com\/index.php\/wp-json\/wp\/v2\/media\/26528"}],"wp:attachment":[{"href":"https:\/\/www.lejournalduforkane.com\/index.php\/wp-json\/wp\/v2\/media?parent=26526"}],"wp:term":[{"taxonomy":"category","embeddable":true,"href":"https:\/\/www.lejournalduforkane.com\/index.php\/wp-json\/wp\/v2\/categories?post=26526"},{"taxonomy":"post_tag","embeddable":true,"href":"https:\/\/www.lejournalduforkane.com\/index.php\/wp-json\/wp\/v2\/tags?post=26526"}],"curies":[{"name":"wp","href":"https:\/\/api.w.org\/{rel}","templated":true}]}}