
{"id":26550,"date":"2021-05-12T17:24:00","date_gmt":"2021-05-12T17:24:00","guid":{"rendered":"https:\/\/www.lejournalduforkane.com\/?p=26550"},"modified":"2021-05-12T18:04:05","modified_gmt":"2021-05-12T18:04:05","slug":"les-musulmans-du-bahrein-majoritairement-chiite-descendent-dans-la-rue-en-solidarite-avec-les-musulmans-sunnites-palestiniens-et-tous-les-palestiniens","status":"publish","type":"post","link":"https:\/\/www.lejournalduforkane.com\/index.php\/les-musulmans-du-bahrein-majoritairement-chiite-descendent-dans-la-rue-en-solidarite-avec-les-musulmans-sunnites-palestiniens-et-tous-les-palestiniens\/","title":{"rendered":"les musulmans du Bahre\u00efn (majoritairement chiite) descendent dans la rue en solidarit\u00e9 avec les musulmans sunnites palestiniens et TOUS les Palestiniens"},"content":{"rendered":"<div class=\"kvgmc6g5 cxmmr5t8 oygrvhab hcukyx3x c1et5uql\">\n<div dir=\"auto\">Malgr\u00e9 leurs trag\u00e9dies et leur lutte contre la dictature, les musulmans du Bahre\u00efn (majoritairement chiite) descendent dans la rue en solidarit\u00e9 avec les musulmans sunnites palestiniens et TOUS les Palestiniens.<\/div>\n<\/div>\n<div class=\"o9v6fnle cxmmr5t8 oygrvhab hcukyx3x c1et5uql\">\n<div dir=\"auto\">La politique sectaire du \u00ab\u00a0diviser pour mieux r\u00e9gner\u00a0\u00bb est r\u00e9volue !<\/div>\n<\/div>\n<div dir=\"auto\">\u00a0<\/div>\n\n\n\n\n<figure class=\"wp-block-embed is-type-video is-provider-youtube wp-block-embed-youtube wp-embed-aspect-16-9 wp-has-aspect-ratio\"><div class=\"wp-block-embed__wrapper\">\n<iframe loading=\"lazy\" title=\"les musulmans du Bahre\u00efn descendent dans la rue\" width=\"500\" height=\"281\" src=\"https:\/\/www.youtube.com\/embed\/O-UbYg-bJow?feature=oembed\" frameborder=\"0\" allow=\"accelerometer; autoplay; clipboard-write; encrypted-media; gyroscope; picture-in-picture\" allowfullscreen><\/iframe>\n<\/div><\/figure>\n","protected":false},"excerpt":{"rendered":"<p>Malgr\u00e9 leurs trag\u00e9dies et leur lutte contre la dictature, les musulmans du Bahre\u00efn (majoritairement chiite) descendent dans la rue en solidarit\u00e9 avec les musulmans sunnites palestiniens et TOUS les Palestiniens.<\/p>\n","protected":false},"author":2,"featured_media":26557,"comment_status":"closed","ping_status":"open","sticky":false,"template":"","format":"standard","meta":[],"categories":[],"tags":[],"_links":{"self":[{"href":"https:\/\/www.lejournalduforkane.com\/index.php\/wp-json\/wp\/v2\/posts\/26550"}],"collection":[{"href":"https:\/\/www.lejournalduforkane.com\/index.php\/wp-json\/wp\/v2\/posts"}],"about":[{"href":"https:\/\/www.lejournalduforkane.com\/index.php\/wp-json\/wp\/v2\/types\/post"}],"author":[{"embeddable":true,"href":"https:\/\/www.lejournalduforkane.com\/index.php\/wp-json\/wp\/v2\/users\/2"}],"replies":[{"embeddable":true,"href":"https:\/\/www.lejournalduforkane.com\/index.php\/wp-json\/wp\/v2\/comments?post=26550"}],"version-history":[{"count":1,"href":"https:\/\/www.lejournalduforkane.com\/index.php\/wp-json\/wp\/v2\/posts\/26550\/revisions"}],"predecessor-version":[{"id":26558,"href":"https:\/\/www.lejournalduforkane.com\/index.php\/wp-json\/wp\/v2\/posts\/26550\/revisions\/26558"}],"wp:featuredmedia":[{"embeddable":true,"href":"https:\/\/www.lejournalduforkane.com\/index.php\/wp-json\/wp\/v2\/media\/26557"}],"wp:attachment":[{"href":"https:\/\/www.lejournalduforkane.com\/index.php\/wp-json\/wp\/v2\/media?parent=26550"}],"wp:term":[{"taxonomy":"category","embeddable":true,"href":"https:\/\/www.lejournalduforkane.com\/index.php\/wp-json\/wp\/v2\/categories?post=26550"},{"taxonomy":"post_tag","embeddable":true,"href":"https:\/\/www.lejournalduforkane.com\/index.php\/wp-json\/wp\/v2\/tags?post=26550"}],"curies":[{"name":"wp","href":"https:\/\/api.w.org\/{rel}","templated":true}]}}