
{"id":26551,"date":"2021-05-12T17:59:04","date_gmt":"2021-05-12T17:59:04","guid":{"rendered":"https:\/\/www.lejournalduforkane.com\/?p=26551"},"modified":"2021-05-12T17:59:08","modified_gmt":"2021-05-12T17:59:08","slug":"video-la-haine-des-colons-sionistes-du-quartier-cheikh-al-jarrah-a-al-qods-occupee","status":"publish","type":"post","link":"https:\/\/www.lejournalduforkane.com\/index.php\/video-la-haine-des-colons-sionistes-du-quartier-cheikh-al-jarrah-a-al-qods-occupee\/","title":{"rendered":"Vid\u00e9o : La haine des colons sionistes du quartier Cheikh Al Jarrah \u00e0 Al-Qods occup\u00e9e."},"content":{"rendered":"<div class=\"kvgmc6g5 cxmmr5t8 oygrvhab hcukyx3x c1et5uql ii04i59q\">\n<div dir=\"auto\">\u00a0<\/div>\n<\/div>\n<div class=\"o9v6fnle cxmmr5t8 oygrvhab hcukyx3x c1et5uql ii04i59q\">\n<div dir=\"auto\">Alors que les Palestiniens rompent leur je\u00fbne et restent dignes durant ces moments difficiles, des colons sionistes leur envoient du gaz.<\/div>\n<\/div>\n<div class=\"o9v6fnle cxmmr5t8 oygrvhab hcukyx3x c1et5uql ii04i59q\">\n<div dir=\"auto\">Mais les Palestiniens se d\u00e9fendent&#8230;<\/div>\n<div dir=\"auto\">Vive la Palestine<\/div>\n<\/div>\n<div class=\"o9v6fnle cxmmr5t8 oygrvhab hcukyx3x c1et5uql ii04i59q\">\n<div dir=\"auto\">A voir et \u00e0 partager absolument.<\/div>\n<\/div>\n<div dir=\"auto\">\u00a0<\/div>\n\n\n<figure class=\"wp-block-embed is-type-video is-provider-youtube wp-block-embed-youtube wp-embed-aspect-16-9 wp-has-aspect-ratio\"><div class=\"wp-block-embed__wrapper\">\n<iframe loading=\"lazy\" title=\"\u0645\u0633\u062a\u0648\u0637\u0646\u0648\u0646 \u064a\u0639\u062a\u062f\u0648\u0646 \u0639\u0644\u0649 \u0645\u0648\u0627\u0626\u062f \u0625\u0641\u0637\u0627\u0631 \u0631\u0645\u0636\u0627\u0646\u064a\u0629 \u0641\u064a \u062d\u064a \u0627\u0644\u0634\u064a\u062e \u062c\u0631\u0627\u062d\" width=\"500\" height=\"281\" src=\"https:\/\/www.youtube.com\/embed\/VuU7ru8A3aE?feature=oembed\" frameborder=\"0\" allow=\"accelerometer; autoplay; clipboard-write; encrypted-media; gyroscope; picture-in-picture\" allowfullscreen><\/iframe>\n<\/div><\/figure>\n","protected":false},"excerpt":{"rendered":"<p>\u00a0 Alors que les Palestiniens rompent leur je\u00fbne et restent dignes durant ces moments difficiles, des colons sionistes leur envoient du gaz. Mais les Palestiniens se d\u00e9fendent&#8230; Vive la Palestine<\/p>\n","protected":false},"author":2,"featured_media":26552,"comment_status":"closed","ping_status":"open","sticky":false,"template":"","format":"standard","meta":[],"categories":[],"tags":[],"_links":{"self":[{"href":"https:\/\/www.lejournalduforkane.com\/index.php\/wp-json\/wp\/v2\/posts\/26551"}],"collection":[{"href":"https:\/\/www.lejournalduforkane.com\/index.php\/wp-json\/wp\/v2\/posts"}],"about":[{"href":"https:\/\/www.lejournalduforkane.com\/index.php\/wp-json\/wp\/v2\/types\/post"}],"author":[{"embeddable":true,"href":"https:\/\/www.lejournalduforkane.com\/index.php\/wp-json\/wp\/v2\/users\/2"}],"replies":[{"embeddable":true,"href":"https:\/\/www.lejournalduforkane.com\/index.php\/wp-json\/wp\/v2\/comments?post=26551"}],"version-history":[{"count":1,"href":"https:\/\/www.lejournalduforkane.com\/index.php\/wp-json\/wp\/v2\/posts\/26551\/revisions"}],"predecessor-version":[{"id":26553,"href":"https:\/\/www.lejournalduforkane.com\/index.php\/wp-json\/wp\/v2\/posts\/26551\/revisions\/26553"}],"wp:featuredmedia":[{"embeddable":true,"href":"https:\/\/www.lejournalduforkane.com\/index.php\/wp-json\/wp\/v2\/media\/26552"}],"wp:attachment":[{"href":"https:\/\/www.lejournalduforkane.com\/index.php\/wp-json\/wp\/v2\/media?parent=26551"}],"wp:term":[{"taxonomy":"category","embeddable":true,"href":"https:\/\/www.lejournalduforkane.com\/index.php\/wp-json\/wp\/v2\/categories?post=26551"},{"taxonomy":"post_tag","embeddable":true,"href":"https:\/\/www.lejournalduforkane.com\/index.php\/wp-json\/wp\/v2\/tags?post=26551"}],"curies":[{"name":"wp","href":"https:\/\/api.w.org\/{rel}","templated":true}]}}