
{"id":26554,"date":"2021-05-12T18:01:30","date_gmt":"2021-05-12T18:01:30","guid":{"rendered":"https:\/\/www.lejournalduforkane.com\/?p=26554"},"modified":"2021-05-12T18:01:32","modified_gmt":"2021-05-12T18:01:32","slug":"faites-des-doas-pour-la-palestine","status":"publish","type":"post","link":"https:\/\/www.lejournalduforkane.com\/index.php\/faites-des-doas-pour-la-palestine\/","title":{"rendered":"Faites des doas pour la Palestine."},"content":{"rendered":"<div class=\"kvgmc6g5 cxmmr5t8 oygrvhab hcukyx3x c1et5uql ii04i59q\">\n<div dir=\"auto\">Faites des doas pour la Palestine.<\/div>\n<\/div>\n<div class=\"o9v6fnle cxmmr5t8 oygrvhab hcukyx3x c1et5uql ii04i59q\">\n<div dir=\"auto\">Vid\u00e9o d&rsquo;un vieux fid\u00e8le invoquant Allah dans la sainte Mosqu\u00e9e d&rsquo;al-Aqsa. Pendant que les jeunes affrontent ces maudits soldats juifs, il invoque Allah de prot\u00e9ger les jeunes Palestiniens contre leurs agresseurs tra\u00eetres et l\u00e2ches.<\/div>\n<div dir=\"auto\">Il faut faire pareil&#8230;<\/div>\n<div dir=\"auto\">Vive la Palestine<\/div>\n<\/div>\n\n\n<figure class=\"wp-block-embed is-type-video is-provider-youtube wp-block-embed-youtube wp-embed-aspect-16-9 wp-has-aspect-ratio\"><div class=\"wp-block-embed__wrapper\">\n<iframe loading=\"lazy\" title=\"\u0645\u0633\u062a\u0648\u0637\u0646\u0648\u0646 \u064a\u0639\u062a\u062f\u0648\u0646 \u0639\u0644\u0649 \u0645\u0648\u0627\u0626\u062f \u0625\u0641\u0637\u0627\u0631 \u0631\u0645\u0636\u0627\u0646\u064a\u0629 \u0641\u064a \u062d\u064a \u0627\u0644\u0634\u064a\u062e \u062c\u0631\u0627\u062d\" width=\"500\" height=\"281\" src=\"https:\/\/www.youtube.com\/embed\/VuU7ru8A3aE?feature=oembed\" frameborder=\"0\" allow=\"accelerometer; autoplay; clipboard-write; encrypted-media; gyroscope; picture-in-picture\" allowfullscreen><\/iframe>\n<\/div><\/figure>\n","protected":false},"excerpt":{"rendered":"<p>Faites des doas pour la Palestine. Vid\u00e9o d&rsquo;un vieux fid\u00e8le invoquant Allah dans la sainte Mosqu\u00e9e d&rsquo;al-Aqsa. Pendant que les jeunes affrontent ces maudits soldats juifs, il invoque Allah de<\/p>\n","protected":false},"author":2,"featured_media":26555,"comment_status":"closed","ping_status":"open","sticky":false,"template":"","format":"standard","meta":[],"categories":[],"tags":[],"_links":{"self":[{"href":"https:\/\/www.lejournalduforkane.com\/index.php\/wp-json\/wp\/v2\/posts\/26554"}],"collection":[{"href":"https:\/\/www.lejournalduforkane.com\/index.php\/wp-json\/wp\/v2\/posts"}],"about":[{"href":"https:\/\/www.lejournalduforkane.com\/index.php\/wp-json\/wp\/v2\/types\/post"}],"author":[{"embeddable":true,"href":"https:\/\/www.lejournalduforkane.com\/index.php\/wp-json\/wp\/v2\/users\/2"}],"replies":[{"embeddable":true,"href":"https:\/\/www.lejournalduforkane.com\/index.php\/wp-json\/wp\/v2\/comments?post=26554"}],"version-history":[{"count":1,"href":"https:\/\/www.lejournalduforkane.com\/index.php\/wp-json\/wp\/v2\/posts\/26554\/revisions"}],"predecessor-version":[{"id":26556,"href":"https:\/\/www.lejournalduforkane.com\/index.php\/wp-json\/wp\/v2\/posts\/26554\/revisions\/26556"}],"wp:featuredmedia":[{"embeddable":true,"href":"https:\/\/www.lejournalduforkane.com\/index.php\/wp-json\/wp\/v2\/media\/26555"}],"wp:attachment":[{"href":"https:\/\/www.lejournalduforkane.com\/index.php\/wp-json\/wp\/v2\/media?parent=26554"}],"wp:term":[{"taxonomy":"category","embeddable":true,"href":"https:\/\/www.lejournalduforkane.com\/index.php\/wp-json\/wp\/v2\/categories?post=26554"},{"taxonomy":"post_tag","embeddable":true,"href":"https:\/\/www.lejournalduforkane.com\/index.php\/wp-json\/wp\/v2\/tags?post=26554"}],"curies":[{"name":"wp","href":"https:\/\/api.w.org\/{rel}","templated":true}]}}