
{"id":26559,"date":"2021-05-12T18:09:01","date_gmt":"2021-05-12T18:09:01","guid":{"rendered":"https:\/\/www.lejournalduforkane.com\/?p=26559"},"modified":"2021-05-12T18:09:05","modified_gmt":"2021-05-12T18:09:05","slug":"un-haut-responsable-du-jihad-islamique-a-gaza-affirme-avec-fierte-que-les-missiles-qui-frappent-tel-aviv-sont-tous-signes-iran","status":"publish","type":"post","link":"https:\/\/www.lejournalduforkane.com\/index.php\/un-haut-responsable-du-jihad-islamique-a-gaza-affirme-avec-fierte-que-les-missiles-qui-frappent-tel-aviv-sont-tous-signes-iran\/","title":{"rendered":"Un haut responsable du Jihad Islamique \u00e0 Gaza affirme avec fiert\u00e9 que les missiles qui frappent Tel Aviv sont tous sign\u00e9s Iran"},"content":{"rendered":"<div class=\"kvgmc6g5 cxmmr5t8 oygrvhab hcukyx3x c1et5uql\">\n<div dir=\"auto\">Un haut responsable du Jihad Islamique \u00e0 Gaza affirme avec fiert\u00e9 que les missiles qui frappent Tel Aviv sont tous sign\u00e9s Iran, et que la plupart des habitants de Gaza ont une photo du martyr Qassem Soleimani chez eux.<\/div>\n<\/div>\n<div class=\"o9v6fnle cxmmr5t8 oygrvhab hcukyx3x c1et5uql\">\n<div dir=\"auto\">Le temps des d\u00e9faites et r\u00e9volu !<\/div>\n<div dir=\"auto\">\u00a0<\/div>\n<\/div>\n\n\n<figure class=\"wp-block-embed is-type-video is-provider-youtube wp-block-embed-youtube wp-embed-aspect-4-3 wp-has-aspect-ratio\"><div class=\"wp-block-embed__wrapper\">\n<iframe loading=\"lazy\" title=\"les missiles qui frappent Tel Aviv sont tous sign\u00e9s Iran\" width=\"500\" height=\"375\" src=\"https:\/\/www.youtube.com\/embed\/cH_ahxWF8-o?feature=oembed\" frameborder=\"0\" allow=\"accelerometer; autoplay; clipboard-write; encrypted-media; gyroscope; picture-in-picture\" allowfullscreen><\/iframe>\n<\/div><\/figure>\n","protected":false},"excerpt":{"rendered":"<p>Un haut responsable du Jihad Islamique \u00e0 Gaza affirme avec fiert\u00e9 que les missiles qui frappent Tel Aviv sont tous sign\u00e9s Iran, et que la plupart des habitants de Gaza<\/p>\n","protected":false},"author":2,"featured_media":26560,"comment_status":"closed","ping_status":"open","sticky":false,"template":"","format":"standard","meta":[],"categories":[],"tags":[],"_links":{"self":[{"href":"https:\/\/www.lejournalduforkane.com\/index.php\/wp-json\/wp\/v2\/posts\/26559"}],"collection":[{"href":"https:\/\/www.lejournalduforkane.com\/index.php\/wp-json\/wp\/v2\/posts"}],"about":[{"href":"https:\/\/www.lejournalduforkane.com\/index.php\/wp-json\/wp\/v2\/types\/post"}],"author":[{"embeddable":true,"href":"https:\/\/www.lejournalduforkane.com\/index.php\/wp-json\/wp\/v2\/users\/2"}],"replies":[{"embeddable":true,"href":"https:\/\/www.lejournalduforkane.com\/index.php\/wp-json\/wp\/v2\/comments?post=26559"}],"version-history":[{"count":1,"href":"https:\/\/www.lejournalduforkane.com\/index.php\/wp-json\/wp\/v2\/posts\/26559\/revisions"}],"predecessor-version":[{"id":26561,"href":"https:\/\/www.lejournalduforkane.com\/index.php\/wp-json\/wp\/v2\/posts\/26559\/revisions\/26561"}],"wp:featuredmedia":[{"embeddable":true,"href":"https:\/\/www.lejournalduforkane.com\/index.php\/wp-json\/wp\/v2\/media\/26560"}],"wp:attachment":[{"href":"https:\/\/www.lejournalduforkane.com\/index.php\/wp-json\/wp\/v2\/media?parent=26559"}],"wp:term":[{"taxonomy":"category","embeddable":true,"href":"https:\/\/www.lejournalduforkane.com\/index.php\/wp-json\/wp\/v2\/categories?post=26559"},{"taxonomy":"post_tag","embeddable":true,"href":"https:\/\/www.lejournalduforkane.com\/index.php\/wp-json\/wp\/v2\/tags?post=26559"}],"curies":[{"name":"wp","href":"https:\/\/api.w.org\/{rel}","templated":true}]}}