
{"id":26611,"date":"2021-05-14T09:34:00","date_gmt":"2021-05-14T09:34:00","guid":{"rendered":"https:\/\/www.lejournalduforkane.com\/?p=26611"},"modified":"2021-05-15T09:36:11","modified_gmt":"2021-05-15T09:36:11","slug":"manifestation-monstre-devant-la-celebre-cathedrale-duomo-de-milan-en-faveur-de-la-palestine","status":"publish","type":"post","link":"https:\/\/www.lejournalduforkane.com\/index.php\/manifestation-monstre-devant-la-celebre-cathedrale-duomo-de-milan-en-faveur-de-la-palestine\/","title":{"rendered":"Manifestation monstre devant la c\u00e9l\u00e8bre cath\u00e9drale Duomo de Milan en faveur de la Palestine."},"content":{"rendered":"<div class=\"kvgmc6g5 cxmmr5t8 oygrvhab hcukyx3x c1et5uql ii04i59q\">\n<div dir=\"auto\">Pourquoi la France interdit-elle les manifestations ?<\/div>\n<\/div>\n<div class=\"o9v6fnle cxmmr5t8 oygrvhab hcukyx3x c1et5uql ii04i59q\">\n<div dir=\"auto\">O\u00f9 sont les d\u00e9fenseurs de la libert\u00e9 d&rsquo;expression ?<\/div>\n<\/div>\n<div class=\"o9v6fnle cxmmr5t8 oygrvhab hcukyx3x c1et5uql ii04i59q\">\n<div dir=\"auto\">En France ces mots sont utiles uniquement pour cracher sur le grand Proph\u00e8te (P).<\/div>\n<div dir=\"auto\">Hypocrites&#8230;<\/div>\n<\/div>\n\n\n<figure class=\"wp-block-embed is-type-video is-provider-youtube wp-block-embed-youtube wp-embed-aspect-16-9 wp-has-aspect-ratio\"><div class=\"wp-block-embed__wrapper\">\n<iframe loading=\"lazy\" title=\"\u062a\u0638\u0627\u0647\u0631\u0629 \u0627\u062d\u062a\u062c\u0627\u062c\u064a\u0629 \u0641\u064a \u0645\u064a\u0644\u0627\u0646\u0648 \u062f\u0639\u0645\u0627\u064b \u0644\u0641\u0644\u0633\u0637\u064a\u0646 \u0648\u062a\u0646\u062f\u064a\u062f\u0627\u064b \u0628\u0627\u0644\u0627\u0639\u062a\u062f\u0627\u0621\u0627\u062a \u0627\u0644\u0625\u0633\u0631\u0627\u0626\u064a\u0644\u064a\u0629\" width=\"500\" height=\"281\" src=\"https:\/\/www.youtube.com\/embed\/FcIwdUdPf-s?feature=oembed\" frameborder=\"0\" allow=\"accelerometer; autoplay; clipboard-write; encrypted-media; gyroscope; picture-in-picture\" allowfullscreen><\/iframe>\n<\/div><\/figure>\n","protected":false},"excerpt":{"rendered":"<p>Pourquoi la France interdit-elle les manifestations ? O\u00f9 sont les d\u00e9fenseurs de la libert\u00e9 d&rsquo;expression ? En France ces mots sont utiles uniquement pour cracher sur le grand Proph\u00e8te (P).<\/p>\n","protected":false},"author":2,"featured_media":26612,"comment_status":"closed","ping_status":"open","sticky":false,"template":"","format":"standard","meta":[],"categories":[],"tags":[],"_links":{"self":[{"href":"https:\/\/www.lejournalduforkane.com\/index.php\/wp-json\/wp\/v2\/posts\/26611"}],"collection":[{"href":"https:\/\/www.lejournalduforkane.com\/index.php\/wp-json\/wp\/v2\/posts"}],"about":[{"href":"https:\/\/www.lejournalduforkane.com\/index.php\/wp-json\/wp\/v2\/types\/post"}],"author":[{"embeddable":true,"href":"https:\/\/www.lejournalduforkane.com\/index.php\/wp-json\/wp\/v2\/users\/2"}],"replies":[{"embeddable":true,"href":"https:\/\/www.lejournalduforkane.com\/index.php\/wp-json\/wp\/v2\/comments?post=26611"}],"version-history":[{"count":1,"href":"https:\/\/www.lejournalduforkane.com\/index.php\/wp-json\/wp\/v2\/posts\/26611\/revisions"}],"predecessor-version":[{"id":26613,"href":"https:\/\/www.lejournalduforkane.com\/index.php\/wp-json\/wp\/v2\/posts\/26611\/revisions\/26613"}],"wp:featuredmedia":[{"embeddable":true,"href":"https:\/\/www.lejournalduforkane.com\/index.php\/wp-json\/wp\/v2\/media\/26612"}],"wp:attachment":[{"href":"https:\/\/www.lejournalduforkane.com\/index.php\/wp-json\/wp\/v2\/media?parent=26611"}],"wp:term":[{"taxonomy":"category","embeddable":true,"href":"https:\/\/www.lejournalduforkane.com\/index.php\/wp-json\/wp\/v2\/categories?post=26611"},{"taxonomy":"post_tag","embeddable":true,"href":"https:\/\/www.lejournalduforkane.com\/index.php\/wp-json\/wp\/v2\/tags?post=26611"}],"curies":[{"name":"wp","href":"https:\/\/api.w.org\/{rel}","templated":true}]}}