
{"id":26664,"date":"2021-05-16T00:32:00","date_gmt":"2021-05-16T00:32:00","guid":{"rendered":"https:\/\/www.lejournalduforkane.com\/?p=26664"},"modified":"2021-05-16T10:36:32","modified_gmt":"2021-05-16T10:36:32","slug":"pour-ceux-qui-croient-la-propagande-sioniste-et-occidentale","status":"publish","type":"post","link":"https:\/\/www.lejournalduforkane.com\/index.php\/pour-ceux-qui-croient-la-propagande-sioniste-et-occidentale\/","title":{"rendered":"Pour ceux qui croient la propagande sioniste et occidentale"},"content":{"rendered":"<div class=\"kvgmc6g5 cxmmr5t8 oygrvhab hcukyx3x c1et5uql ii04i59q\">\n<div dir=\"auto\">Pour ceux qui croient la propagande sioniste et occidentale. Les missiles de Gaza font des dommages et le nombre de morts d\u00e9clar\u00e9 par Isra\u00ebl est rabaiss\u00e9 afin de d\u00e9moraliser la R\u00e9sistance.<\/div>\n<\/div>\n<div class=\"o9v6fnle cxmmr5t8 oygrvhab hcukyx3x c1et5uql ii04i59q\">\n<div dir=\"auto\">Mais \u00e7a ne marche pas !<\/div>\n<\/div>\n<div dir=\"auto\">\u00a0<\/div>\n<div dir=\"auto\">\u00a0<\/div>\n\n\n<figure class=\"wp-block-embed is-type-video is-provider-youtube wp-block-embed-youtube wp-embed-aspect-16-9 wp-has-aspect-ratio\"><div class=\"wp-block-embed__wrapper\">\n<iframe loading=\"lazy\" title=\"Pour ceux qui croient la propagande sioniste et occidentale\" width=\"500\" height=\"281\" src=\"https:\/\/www.youtube.com\/embed\/Y45Rkp7Ivz4?feature=oembed\" frameborder=\"0\" allow=\"accelerometer; autoplay; clipboard-write; encrypted-media; gyroscope; picture-in-picture\" allowfullscreen><\/iframe>\n<\/div><\/figure>\n","protected":false},"excerpt":{"rendered":"<p>Pour ceux qui croient la propagande sioniste et occidentale. Les missiles de Gaza font des dommages et le nombre de morts d\u00e9clar\u00e9 par Isra\u00ebl est rabaiss\u00e9 afin de d\u00e9moraliser la<\/p>\n","protected":false},"author":2,"featured_media":26665,"comment_status":"closed","ping_status":"open","sticky":false,"template":"","format":"standard","meta":[],"categories":[],"tags":[],"_links":{"self":[{"href":"https:\/\/www.lejournalduforkane.com\/index.php\/wp-json\/wp\/v2\/posts\/26664"}],"collection":[{"href":"https:\/\/www.lejournalduforkane.com\/index.php\/wp-json\/wp\/v2\/posts"}],"about":[{"href":"https:\/\/www.lejournalduforkane.com\/index.php\/wp-json\/wp\/v2\/types\/post"}],"author":[{"embeddable":true,"href":"https:\/\/www.lejournalduforkane.com\/index.php\/wp-json\/wp\/v2\/users\/2"}],"replies":[{"embeddable":true,"href":"https:\/\/www.lejournalduforkane.com\/index.php\/wp-json\/wp\/v2\/comments?post=26664"}],"version-history":[{"count":1,"href":"https:\/\/www.lejournalduforkane.com\/index.php\/wp-json\/wp\/v2\/posts\/26664\/revisions"}],"predecessor-version":[{"id":26666,"href":"https:\/\/www.lejournalduforkane.com\/index.php\/wp-json\/wp\/v2\/posts\/26664\/revisions\/26666"}],"wp:featuredmedia":[{"embeddable":true,"href":"https:\/\/www.lejournalduforkane.com\/index.php\/wp-json\/wp\/v2\/media\/26665"}],"wp:attachment":[{"href":"https:\/\/www.lejournalduforkane.com\/index.php\/wp-json\/wp\/v2\/media?parent=26664"}],"wp:term":[{"taxonomy":"category","embeddable":true,"href":"https:\/\/www.lejournalduforkane.com\/index.php\/wp-json\/wp\/v2\/categories?post=26664"},{"taxonomy":"post_tag","embeddable":true,"href":"https:\/\/www.lejournalduforkane.com\/index.php\/wp-json\/wp\/v2\/tags?post=26664"}],"curies":[{"name":"wp","href":"https:\/\/api.w.org\/{rel}","templated":true}]}}