
{"id":26711,"date":"2021-05-17T19:09:35","date_gmt":"2021-05-17T19:09:35","guid":{"rendered":"https:\/\/www.lejournalduforkane.com\/?p=26711"},"modified":"2021-05-17T19:09:36","modified_gmt":"2021-05-17T19:09:36","slug":"les-enfants-de-gaza-se-reconfortent-avec-des-prieres-durant-lagression-barbare-disrael-contre-gaza","status":"publish","type":"post","link":"https:\/\/www.lejournalduforkane.com\/index.php\/les-enfants-de-gaza-se-reconfortent-avec-des-prieres-durant-lagression-barbare-disrael-contre-gaza\/","title":{"rendered":"Les enfants de Gaza se r\u00e9confortent avec des pri\u00e8res durant l&rsquo;agression barbare d&rsquo;Isra\u00ebl contre Gaza."},"content":{"rendered":"<div class=\"kvgmc6g5 cxmmr5t8 oygrvhab hcukyx3x c1et5uql ii04i59q\">\n<h4 dir=\"auto\">Les enfants de Gaza se r\u00e9confortent avec des pri\u00e8res durant l&rsquo;agression barbare d&rsquo;Isra\u00ebl contre Gaza.<\/h4>\n<\/div>\n<div class=\"o9v6fnle cxmmr5t8 oygrvhab hcukyx3x c1et5uql ii04i59q\">\n<h4 dir=\"auto\">Gaza n&rsquo;a pas d&rsquo;abris anti-bombes. Gaza n&rsquo;a pas de d\u00e9fense a\u00e9rienne.<\/h4>\n<h4 dir=\"auto\"><\/h4>\n<\/div>\n<div style=\"width: 236px;\" class=\"wp-video\"><!--[if lt IE 9]><script>document.createElement('video');<\/script><![endif]-->\n<video class=\"wp-video-shortcode\" id=\"video-26711-1\" width=\"236\" height=\"426\" preload=\"metadata\" controls=\"controls\"><source type=\"video\/mp4\" src=\"https:\/\/www.lejournalduforkane.com\/wp-content\/uploads\/2021\/05\/185432993_875636179659380_9164573440135483123_n.mp4?_=1\" \/><a href=\"https:\/\/www.lejournalduforkane.com\/wp-content\/uploads\/2021\/05\/185432993_875636179659380_9164573440135483123_n.mp4\">https:\/\/www.lejournalduforkane.com\/wp-content\/uploads\/2021\/05\/185432993_875636179659380_9164573440135483123_n.mp4<\/a><\/video><\/div>\n","protected":false},"excerpt":{"rendered":"<p>Les enfants de Gaza se r\u00e9confortent avec des pri\u00e8res durant l&rsquo;agression barbare d&rsquo;Isra\u00ebl contre Gaza. Gaza n&rsquo;a pas d&rsquo;abris anti-bombes. Gaza n&rsquo;a pas de d\u00e9fense a\u00e9rienne. [video width=\u00a0\u00bb236&Prime; height=\u00a0\u00bb426&Prime; mp4=\u00a0\u00bbhttps:\/\/www.lejournalduforkane.com\/wp-content\/uploads\/2021\/05\/185432993_875636179659380_9164573440135483123_n.mp4&Prime;][\/video]<\/p>\n","protected":false},"author":2,"featured_media":26713,"comment_status":"closed","ping_status":"open","sticky":false,"template":"","format":"standard","meta":[],"categories":[],"tags":[],"_links":{"self":[{"href":"https:\/\/www.lejournalduforkane.com\/index.php\/wp-json\/wp\/v2\/posts\/26711"}],"collection":[{"href":"https:\/\/www.lejournalduforkane.com\/index.php\/wp-json\/wp\/v2\/posts"}],"about":[{"href":"https:\/\/www.lejournalduforkane.com\/index.php\/wp-json\/wp\/v2\/types\/post"}],"author":[{"embeddable":true,"href":"https:\/\/www.lejournalduforkane.com\/index.php\/wp-json\/wp\/v2\/users\/2"}],"replies":[{"embeddable":true,"href":"https:\/\/www.lejournalduforkane.com\/index.php\/wp-json\/wp\/v2\/comments?post=26711"}],"version-history":[{"count":1,"href":"https:\/\/www.lejournalduforkane.com\/index.php\/wp-json\/wp\/v2\/posts\/26711\/revisions"}],"predecessor-version":[{"id":26714,"href":"https:\/\/www.lejournalduforkane.com\/index.php\/wp-json\/wp\/v2\/posts\/26711\/revisions\/26714"}],"wp:featuredmedia":[{"embeddable":true,"href":"https:\/\/www.lejournalduforkane.com\/index.php\/wp-json\/wp\/v2\/media\/26713"}],"wp:attachment":[{"href":"https:\/\/www.lejournalduforkane.com\/index.php\/wp-json\/wp\/v2\/media?parent=26711"}],"wp:term":[{"taxonomy":"category","embeddable":true,"href":"https:\/\/www.lejournalduforkane.com\/index.php\/wp-json\/wp\/v2\/categories?post=26711"},{"taxonomy":"post_tag","embeddable":true,"href":"https:\/\/www.lejournalduforkane.com\/index.php\/wp-json\/wp\/v2\/tags?post=26711"}],"curies":[{"name":"wp","href":"https:\/\/api.w.org\/{rel}","templated":true}]}}