
{"id":26719,"date":"2021-05-17T19:47:43","date_gmt":"2021-05-17T19:47:43","guid":{"rendered":"https:\/\/www.lejournalduforkane.com\/?p=26719"},"modified":"2021-05-17T19:47:47","modified_gmt":"2021-05-17T19:47:47","slug":"le-vice-president-bolivien-david-choquehuanca-demande-que-les-responsables-israeliens-soient-traduits-en-justice-pour-leurs-crimes-contre-le-peuple-palestinien","status":"publish","type":"post","link":"https:\/\/www.lejournalduforkane.com\/index.php\/le-vice-president-bolivien-david-choquehuanca-demande-que-les-responsables-israeliens-soient-traduits-en-justice-pour-leurs-crimes-contre-le-peuple-palestinien\/","title":{"rendered":"Le vice-pr\u00e9sident bolivien David Choquehuanca demande que les responsables isra\u00e9liens soient traduits en justice pour leurs crimes contre le peuple palestinien."},"content":{"rendered":"<h4>Le vice-pr\u00e9sident bolivien David Choquehuanca demande que les responsables isra\u00e9liens soient traduits en justice pour leurs crimes contre le peuple palestinien.<\/h4>\n<p>\u00a0<\/p>\n<p>\u00a0<\/p>\n\n\n<figure class=\"wp-block-embed is-type-video is-provider-youtube wp-block-embed-youtube wp-embed-aspect-16-9 wp-has-aspect-ratio\"><div class=\"wp-block-embed__wrapper\">\n<iframe loading=\"lazy\" title=\"David Choquehuanca demande que les responsables isra\u00e9liens soient traduits en justice\" width=\"500\" height=\"281\" src=\"https:\/\/www.youtube.com\/embed\/Rx0gFozsrp8?feature=oembed\" frameborder=\"0\" allow=\"accelerometer; autoplay; clipboard-write; encrypted-media; gyroscope; picture-in-picture\" allowfullscreen><\/iframe>\n<\/div><\/figure>\n","protected":false},"excerpt":{"rendered":"<p>Le vice-pr\u00e9sident bolivien David Choquehuanca demande que les responsables isra\u00e9liens soient traduits en justice pour leurs crimes contre le peuple palestinien. \u00a0 \u00a0<\/p>\n","protected":false},"author":2,"featured_media":26720,"comment_status":"closed","ping_status":"open","sticky":false,"template":"","format":"standard","meta":[],"categories":[],"tags":[],"_links":{"self":[{"href":"https:\/\/www.lejournalduforkane.com\/index.php\/wp-json\/wp\/v2\/posts\/26719"}],"collection":[{"href":"https:\/\/www.lejournalduforkane.com\/index.php\/wp-json\/wp\/v2\/posts"}],"about":[{"href":"https:\/\/www.lejournalduforkane.com\/index.php\/wp-json\/wp\/v2\/types\/post"}],"author":[{"embeddable":true,"href":"https:\/\/www.lejournalduforkane.com\/index.php\/wp-json\/wp\/v2\/users\/2"}],"replies":[{"embeddable":true,"href":"https:\/\/www.lejournalduforkane.com\/index.php\/wp-json\/wp\/v2\/comments?post=26719"}],"version-history":[{"count":1,"href":"https:\/\/www.lejournalduforkane.com\/index.php\/wp-json\/wp\/v2\/posts\/26719\/revisions"}],"predecessor-version":[{"id":26721,"href":"https:\/\/www.lejournalduforkane.com\/index.php\/wp-json\/wp\/v2\/posts\/26719\/revisions\/26721"}],"wp:featuredmedia":[{"embeddable":true,"href":"https:\/\/www.lejournalduforkane.com\/index.php\/wp-json\/wp\/v2\/media\/26720"}],"wp:attachment":[{"href":"https:\/\/www.lejournalduforkane.com\/index.php\/wp-json\/wp\/v2\/media?parent=26719"}],"wp:term":[{"taxonomy":"category","embeddable":true,"href":"https:\/\/www.lejournalduforkane.com\/index.php\/wp-json\/wp\/v2\/categories?post=26719"},{"taxonomy":"post_tag","embeddable":true,"href":"https:\/\/www.lejournalduforkane.com\/index.php\/wp-json\/wp\/v2\/tags?post=26719"}],"curies":[{"name":"wp","href":"https:\/\/api.w.org\/{rel}","templated":true}]}}