
{"id":26728,"date":"2021-05-17T17:58:00","date_gmt":"2021-05-17T17:58:00","guid":{"rendered":"https:\/\/www.lejournalduforkane.com\/?p=26728"},"modified":"2021-05-19T17:59:17","modified_gmt":"2021-05-19T17:59:17","slug":"manifestations-monstres-partout-au-yemen-en-soutien-a-la-palestineincroyable-ce-peuple-qui-connait-en-ce-moment-meme-une-situation-humanitaire-des-plus-critiques","status":"publish","type":"post","link":"https:\/\/www.lejournalduforkane.com\/index.php\/manifestations-monstres-partout-au-yemen-en-soutien-a-la-palestineincroyable-ce-peuple-qui-connait-en-ce-moment-meme-une-situation-humanitaire-des-plus-critiques\/","title":{"rendered":"Manifestations monstres partout au Y\u00e9men en soutien \u00e0 la PalestineIncroyable ! Ce peuple qui conna\u00eet en ce moment m\u00eame une situation humanitaire des plus critiques."},"content":{"rendered":"<p><img loading=\"lazy\" class=\"alignnone size-full wp-image-26729\" src=\"https:\/\/www.lejournalduforkane.com\/wp-content\/uploads\/2021\/05\/Manifestations-monstres-partout-au-Yemen-en-soutien-a-la-Palestine2.jpg\" alt=\"\" width=\"367\" height=\"600\" srcset=\"https:\/\/www.lejournalduforkane.com\/wp-content\/uploads\/2021\/05\/Manifestations-monstres-partout-au-Yemen-en-soutien-a-la-Palestine2.jpg 367w, https:\/\/www.lejournalduforkane.com\/wp-content\/uploads\/2021\/05\/Manifestations-monstres-partout-au-Yemen-en-soutien-a-la-Palestine2-184x300.jpg 184w\" sizes=\"(max-width: 367px) 100vw, 367px\" \/> <img loading=\"lazy\" class=\"alignnone size-full wp-image-26730\" src=\"https:\/\/www.lejournalduforkane.com\/wp-content\/uploads\/2021\/05\/Manifestations-monstres-partout-au-Yemen-en-soutien-a-la-Palestine1.jpg\" alt=\"\" width=\"600\" height=\"363\" srcset=\"https:\/\/www.lejournalduforkane.com\/wp-content\/uploads\/2021\/05\/Manifestations-monstres-partout-au-Yemen-en-soutien-a-la-Palestine1.jpg 600w, https:\/\/www.lejournalduforkane.com\/wp-content\/uploads\/2021\/05\/Manifestations-monstres-partout-au-Yemen-en-soutien-a-la-Palestine1-300x182.jpg 300w\" sizes=\"(max-width: 600px) 100vw, 600px\" \/> <img loading=\"lazy\" class=\"alignnone size-full wp-image-26731\" src=\"https:\/\/www.lejournalduforkane.com\/wp-content\/uploads\/2021\/05\/Manifestations-monstres-partout-au-Yemen-en-soutien-a-la-Palestine.jpg\" alt=\"\" width=\"600\" height=\"388\" srcset=\"https:\/\/www.lejournalduforkane.com\/wp-content\/uploads\/2021\/05\/Manifestations-monstres-partout-au-Yemen-en-soutien-a-la-Palestine.jpg 600w, https:\/\/www.lejournalduforkane.com\/wp-content\/uploads\/2021\/05\/Manifestations-monstres-partout-au-Yemen-en-soutien-a-la-Palestine-300x194.jpg 300w\" sizes=\"(max-width: 600px) 100vw, 600px\" \/><\/p>\n","protected":false},"excerpt":{"rendered":"","protected":false},"author":2,"featured_media":26730,"comment_status":"closed","ping_status":"open","sticky":false,"template":"","format":"standard","meta":[],"categories":[],"tags":[],"_links":{"self":[{"href":"https:\/\/www.lejournalduforkane.com\/index.php\/wp-json\/wp\/v2\/posts\/26728"}],"collection":[{"href":"https:\/\/www.lejournalduforkane.com\/index.php\/wp-json\/wp\/v2\/posts"}],"about":[{"href":"https:\/\/www.lejournalduforkane.com\/index.php\/wp-json\/wp\/v2\/types\/post"}],"author":[{"embeddable":true,"href":"https:\/\/www.lejournalduforkane.com\/index.php\/wp-json\/wp\/v2\/users\/2"}],"replies":[{"embeddable":true,"href":"https:\/\/www.lejournalduforkane.com\/index.php\/wp-json\/wp\/v2\/comments?post=26728"}],"version-history":[{"count":1,"href":"https:\/\/www.lejournalduforkane.com\/index.php\/wp-json\/wp\/v2\/posts\/26728\/revisions"}],"predecessor-version":[{"id":26732,"href":"https:\/\/www.lejournalduforkane.com\/index.php\/wp-json\/wp\/v2\/posts\/26728\/revisions\/26732"}],"wp:featuredmedia":[{"embeddable":true,"href":"https:\/\/www.lejournalduforkane.com\/index.php\/wp-json\/wp\/v2\/media\/26730"}],"wp:attachment":[{"href":"https:\/\/www.lejournalduforkane.com\/index.php\/wp-json\/wp\/v2\/media?parent=26728"}],"wp:term":[{"taxonomy":"category","embeddable":true,"href":"https:\/\/www.lejournalduforkane.com\/index.php\/wp-json\/wp\/v2\/categories?post=26728"},{"taxonomy":"post_tag","embeddable":true,"href":"https:\/\/www.lejournalduforkane.com\/index.php\/wp-json\/wp\/v2\/tags?post=26728"}],"curies":[{"name":"wp","href":"https:\/\/api.w.org\/{rel}","templated":true}]}}