
{"id":26745,"date":"2021-05-18T18:14:00","date_gmt":"2021-05-18T18:14:00","guid":{"rendered":"https:\/\/www.lejournalduforkane.com\/?p=26745"},"modified":"2021-05-19T18:23:37","modified_gmt":"2021-05-19T18:23:37","slug":"video-des-dizaines-de-milliers-de-manifestants-pro-palestiniens-defilent-a-detroit-michigan-pour-soutenir-le-peuple-palestinien-et-pour-protester-contre-lagression-israelienne-sur-gaza","status":"publish","type":"post","link":"https:\/\/www.lejournalduforkane.com\/index.php\/video-des-dizaines-de-milliers-de-manifestants-pro-palestiniens-defilent-a-detroit-michigan-pour-soutenir-le-peuple-palestinien-et-pour-protester-contre-lagression-israelienne-sur-gaza\/","title":{"rendered":"Vid\u00e9o | Des dizaines de milliers de manifestants pro-palestiniens d\u00e9filent \u00e0 Detroit, Michigan, pour soutenir le peuple palestinien et pour protester contre l&rsquo;agression isra\u00e9lienne sur Gaza"},"content":{"rendered":"\n<figure class=\"wp-block-embed is-type-video is-provider-youtube wp-block-embed-youtube wp-embed-aspect-16-9 wp-has-aspect-ratio\"><div class=\"wp-block-embed__wrapper\">\n<iframe loading=\"lazy\" title=\"Des dizaines de milliers de manifestants pro-palestiniens d\u00e9filent \u00e0 Detroit\" width=\"500\" height=\"281\" src=\"https:\/\/www.youtube.com\/embed\/Sy9m_Udrce4?feature=oembed\" frameborder=\"0\" allow=\"accelerometer; autoplay; clipboard-write; encrypted-media; gyroscope; picture-in-picture\" allowfullscreen><\/iframe>\n<\/div><\/figure>\n","protected":false},"excerpt":{"rendered":"https:\/\/www.youtube.com\/watch?v=Sy9m_Udrce4","protected":false},"author":2,"featured_media":26746,"comment_status":"closed","ping_status":"open","sticky":false,"template":"","format":"standard","meta":[],"categories":[],"tags":[],"_links":{"self":[{"href":"https:\/\/www.lejournalduforkane.com\/index.php\/wp-json\/wp\/v2\/posts\/26745"}],"collection":[{"href":"https:\/\/www.lejournalduforkane.com\/index.php\/wp-json\/wp\/v2\/posts"}],"about":[{"href":"https:\/\/www.lejournalduforkane.com\/index.php\/wp-json\/wp\/v2\/types\/post"}],"author":[{"embeddable":true,"href":"https:\/\/www.lejournalduforkane.com\/index.php\/wp-json\/wp\/v2\/users\/2"}],"replies":[{"embeddable":true,"href":"https:\/\/www.lejournalduforkane.com\/index.php\/wp-json\/wp\/v2\/comments?post=26745"}],"version-history":[{"count":1,"href":"https:\/\/www.lejournalduforkane.com\/index.php\/wp-json\/wp\/v2\/posts\/26745\/revisions"}],"predecessor-version":[{"id":26747,"href":"https:\/\/www.lejournalduforkane.com\/index.php\/wp-json\/wp\/v2\/posts\/26745\/revisions\/26747"}],"wp:featuredmedia":[{"embeddable":true,"href":"https:\/\/www.lejournalduforkane.com\/index.php\/wp-json\/wp\/v2\/media\/26746"}],"wp:attachment":[{"href":"https:\/\/www.lejournalduforkane.com\/index.php\/wp-json\/wp\/v2\/media?parent=26745"}],"wp:term":[{"taxonomy":"category","embeddable":true,"href":"https:\/\/www.lejournalduforkane.com\/index.php\/wp-json\/wp\/v2\/categories?post=26745"},{"taxonomy":"post_tag","embeddable":true,"href":"https:\/\/www.lejournalduforkane.com\/index.php\/wp-json\/wp\/v2\/tags?post=26745"}],"curies":[{"name":"wp","href":"https:\/\/api.w.org\/{rel}","templated":true}]}}