
{"id":26758,"date":"2021-05-19T19:43:02","date_gmt":"2021-05-19T19:43:02","guid":{"rendered":"https:\/\/www.lejournalduforkane.com\/?p=26758"},"modified":"2021-05-19T19:47:23","modified_gmt":"2021-05-19T19:47:23","slug":"des-manifestants-palestiniens-ont-enleve-un-drapeau-disrael","status":"publish","type":"post","link":"https:\/\/www.lejournalduforkane.com\/index.php\/des-manifestants-palestiniens-ont-enleve-un-drapeau-disrael\/","title":{"rendered":"Des manifestants palestiniens ont enlev\u00e9 un drapeau d&rsquo;Isra\u00ebl sur un avant-poste militaire"},"content":{"rendered":"\n<figure class=\"wp-block-image size-large\"><img loading=\"lazy\" width=\"526\" height=\"526\" src=\"https:\/\/www.lejournalduforkane.com\/wp-content\/uploads\/2021\/05\/drapeau-palestine.jpg\" alt=\"\" class=\"wp-image-26759\" srcset=\"https:\/\/www.lejournalduforkane.com\/wp-content\/uploads\/2021\/05\/drapeau-palestine.jpg 526w, https:\/\/www.lejournalduforkane.com\/wp-content\/uploads\/2021\/05\/drapeau-palestine-300x300.jpg 300w, https:\/\/www.lejournalduforkane.com\/wp-content\/uploads\/2021\/05\/drapeau-palestine-150x150.jpg 150w\" sizes=\"(max-width: 526px) 100vw, 526px\" \/><\/figure>\n\n\n\n<p>Hier soir, des manifestants palestiniens ont enlev\u00e9 un drapeau d&rsquo;Isra\u00ebl sur un avant-poste militaire isra\u00e9lien pr\u00e8s du quartier de J\u00e9rusalem occup\u00e9 de Shuafat et ont plac\u00e9 le drapeau de la Palestine.<\/p>\n","protected":false},"excerpt":{"rendered":"<p>Hier soir, des manifestants palestiniens ont enlev\u00e9 un drapeau d&rsquo;Isra\u00ebl sur un avant-poste militaire isra\u00e9lien pr\u00e8s du quartier de J\u00e9rusalem occup\u00e9 de Shuafat et ont plac\u00e9 le drapeau de la<\/p>\n","protected":false},"author":2,"featured_media":26759,"comment_status":"closed","ping_status":"open","sticky":false,"template":"","format":"standard","meta":[],"categories":[],"tags":[],"_links":{"self":[{"href":"https:\/\/www.lejournalduforkane.com\/index.php\/wp-json\/wp\/v2\/posts\/26758"}],"collection":[{"href":"https:\/\/www.lejournalduforkane.com\/index.php\/wp-json\/wp\/v2\/posts"}],"about":[{"href":"https:\/\/www.lejournalduforkane.com\/index.php\/wp-json\/wp\/v2\/types\/post"}],"author":[{"embeddable":true,"href":"https:\/\/www.lejournalduforkane.com\/index.php\/wp-json\/wp\/v2\/users\/2"}],"replies":[{"embeddable":true,"href":"https:\/\/www.lejournalduforkane.com\/index.php\/wp-json\/wp\/v2\/comments?post=26758"}],"version-history":[{"count":3,"href":"https:\/\/www.lejournalduforkane.com\/index.php\/wp-json\/wp\/v2\/posts\/26758\/revisions"}],"predecessor-version":[{"id":26764,"href":"https:\/\/www.lejournalduforkane.com\/index.php\/wp-json\/wp\/v2\/posts\/26758\/revisions\/26764"}],"wp:featuredmedia":[{"embeddable":true,"href":"https:\/\/www.lejournalduforkane.com\/index.php\/wp-json\/wp\/v2\/media\/26759"}],"wp:attachment":[{"href":"https:\/\/www.lejournalduforkane.com\/index.php\/wp-json\/wp\/v2\/media?parent=26758"}],"wp:term":[{"taxonomy":"category","embeddable":true,"href":"https:\/\/www.lejournalduforkane.com\/index.php\/wp-json\/wp\/v2\/categories?post=26758"},{"taxonomy":"post_tag","embeddable":true,"href":"https:\/\/www.lejournalduforkane.com\/index.php\/wp-json\/wp\/v2\/tags?post=26758"}],"curies":[{"name":"wp","href":"https:\/\/api.w.org\/{rel}","templated":true}]}}