
{"id":26777,"date":"2021-05-21T17:03:07","date_gmt":"2021-05-21T17:03:07","guid":{"rendered":"https:\/\/www.lejournalduforkane.com\/?p=26777"},"modified":"2021-05-21T17:03:08","modified_gmt":"2021-05-21T17:03:08","slug":"hassan-nasrallah-appelle-a-une-intifada-sur-les-reseaux-sociaux-en-defense-dal-quds-jerusalem","status":"publish","type":"post","link":"https:\/\/www.lejournalduforkane.com\/index.php\/hassan-nasrallah-appelle-a-une-intifada-sur-les-reseaux-sociaux-en-defense-dal-quds-jerusalem\/","title":{"rendered":"Hassan Nasrallah appelle \u00e0 une Intifada sur les r\u00e9seaux sociaux en d\u00e9fense d\u2019Al-Quds (J\u00e9rusalem)"},"content":{"rendered":"\n<figure class=\"wp-block-embed is-type-video is-provider-dailymotion wp-block-embed-dailymotion wp-embed-aspect-16-9 wp-has-aspect-ratio\"><div class=\"wp-block-embed__wrapper\">\n<iframe loading=\"lazy\" title=\"Hassan Nasrallah appelle \u00e0 une Intifada sur les r\u00e9seaux sociaux en d\u00e9fense d&#039;Al-Quds (J\u00e9rusalem)\" frameborder=\"0\" width=\"500\" height=\"281\" src=\"https:\/\/www.dailymotion.com\/embed\/video\/x6d0xau\" allowfullscreen allow=\"autoplay\"><\/iframe>\n<\/div><\/figure>\n","protected":false},"excerpt":{"rendered":"https:\/\/www.dailymotion.com\/video\/x6d0xau?fbclid=IwAR3CYckrNGv4NoyugtJ-X7v-lMnygzrXm2oUfaQMdYEeE_q8mGL4LM1EAo0","protected":false},"author":2,"featured_media":26778,"comment_status":"closed","ping_status":"open","sticky":false,"template":"","format":"standard","meta":[],"categories":[],"tags":[],"_links":{"self":[{"href":"https:\/\/www.lejournalduforkane.com\/index.php\/wp-json\/wp\/v2\/posts\/26777"}],"collection":[{"href":"https:\/\/www.lejournalduforkane.com\/index.php\/wp-json\/wp\/v2\/posts"}],"about":[{"href":"https:\/\/www.lejournalduforkane.com\/index.php\/wp-json\/wp\/v2\/types\/post"}],"author":[{"embeddable":true,"href":"https:\/\/www.lejournalduforkane.com\/index.php\/wp-json\/wp\/v2\/users\/2"}],"replies":[{"embeddable":true,"href":"https:\/\/www.lejournalduforkane.com\/index.php\/wp-json\/wp\/v2\/comments?post=26777"}],"version-history":[{"count":1,"href":"https:\/\/www.lejournalduforkane.com\/index.php\/wp-json\/wp\/v2\/posts\/26777\/revisions"}],"predecessor-version":[{"id":26779,"href":"https:\/\/www.lejournalduforkane.com\/index.php\/wp-json\/wp\/v2\/posts\/26777\/revisions\/26779"}],"wp:featuredmedia":[{"embeddable":true,"href":"https:\/\/www.lejournalduforkane.com\/index.php\/wp-json\/wp\/v2\/media\/26778"}],"wp:attachment":[{"href":"https:\/\/www.lejournalduforkane.com\/index.php\/wp-json\/wp\/v2\/media?parent=26777"}],"wp:term":[{"taxonomy":"category","embeddable":true,"href":"https:\/\/www.lejournalduforkane.com\/index.php\/wp-json\/wp\/v2\/categories?post=26777"},{"taxonomy":"post_tag","embeddable":true,"href":"https:\/\/www.lejournalduforkane.com\/index.php\/wp-json\/wp\/v2\/tags?post=26777"}],"curies":[{"name":"wp","href":"https:\/\/api.w.org\/{rel}","templated":true}]}}