
{"id":26802,"date":"2021-05-21T09:20:00","date_gmt":"2021-05-21T09:20:00","guid":{"rendered":"https:\/\/www.lejournalduforkane.com\/?p=26802"},"modified":"2021-05-23T09:37:52","modified_gmt":"2021-05-23T09:37:52","slug":"facebook-a-longtemps-ete-accuse-de-censurer-le-contenu-sur-la-palestine","status":"publish","type":"post","link":"https:\/\/www.lejournalduforkane.com\/index.php\/facebook-a-longtemps-ete-accuse-de-censurer-le-contenu-sur-la-palestine\/","title":{"rendered":"Facebook a longtemps \u00e9t\u00e9 accus\u00e9 de censurer le contenu sur la Palestine."},"content":{"rendered":"<div class=\"kvgmc6g5 cxmmr5t8 oygrvhab hcukyx3x c1et5uql ii04i59q\">\n<div dir=\"auto\">Facebook a longtemps \u00e9t\u00e9 accus\u00e9 de censurer le contenu sur la Palestine.<\/div>\n<div dir=\"auto\">\u00a0<\/div>\n<\/div>\n<div class=\"o9v6fnle cxmmr5t8 oygrvhab hcukyx3x c1et5uql ii04i59q\">\n<div dir=\"auto\">Des comptes ont \u00e9t\u00e9 suspendus, des vid\u00e9os (y compris provenant des m\u00e9dias) masqu\u00e9es et des publications supprim\u00e9es.<\/div>\n<div dir=\"auto\">\u00a0<\/div>\n<\/div>\n<div class=\"o9v6fnle cxmmr5t8 oygrvhab hcukyx3x c1et5uql ii04i59q\">\n<div dir=\"auto\">Voici comment les gens ripostent: en sabotant sa note sur l&rsquo;App Store (pass\u00e9e de 4.4 \u00e0 2.4)<\/div>\n<\/div>\n<div dir=\"auto\">\u00a0<\/div>\n<div dir=\"auto\">\u00a0<\/div>\n\n\n<figure class=\"wp-block-embed is-type-video is-provider-youtube wp-block-embed-youtube wp-embed-aspect-16-9 wp-has-aspect-ratio\"><div class=\"wp-block-embed__wrapper\">\n<iframe loading=\"lazy\" title=\"Facebook a longtemps \u00e9t\u00e9 accus\u00e9 de censurer le contenu sur la Palestine.\" width=\"500\" height=\"281\" src=\"https:\/\/www.youtube.com\/embed\/CR49KUe64Gc?feature=oembed\" frameborder=\"0\" allow=\"accelerometer; autoplay; clipboard-write; encrypted-media; gyroscope; picture-in-picture\" allowfullscreen><\/iframe>\n<\/div><\/figure>\n","protected":false},"excerpt":{"rendered":"<p>Facebook a longtemps \u00e9t\u00e9 accus\u00e9 de censurer le contenu sur la Palestine. \u00a0 Des comptes ont \u00e9t\u00e9 suspendus, des vid\u00e9os (y compris provenant des m\u00e9dias) masqu\u00e9es et des publications supprim\u00e9es.<\/p>\n","protected":false},"author":2,"featured_media":26811,"comment_status":"closed","ping_status":"open","sticky":false,"template":"","format":"standard","meta":[],"categories":[],"tags":[],"_links":{"self":[{"href":"https:\/\/www.lejournalduforkane.com\/index.php\/wp-json\/wp\/v2\/posts\/26802"}],"collection":[{"href":"https:\/\/www.lejournalduforkane.com\/index.php\/wp-json\/wp\/v2\/posts"}],"about":[{"href":"https:\/\/www.lejournalduforkane.com\/index.php\/wp-json\/wp\/v2\/types\/post"}],"author":[{"embeddable":true,"href":"https:\/\/www.lejournalduforkane.com\/index.php\/wp-json\/wp\/v2\/users\/2"}],"replies":[{"embeddable":true,"href":"https:\/\/www.lejournalduforkane.com\/index.php\/wp-json\/wp\/v2\/comments?post=26802"}],"version-history":[{"count":1,"href":"https:\/\/www.lejournalduforkane.com\/index.php\/wp-json\/wp\/v2\/posts\/26802\/revisions"}],"predecessor-version":[{"id":26812,"href":"https:\/\/www.lejournalduforkane.com\/index.php\/wp-json\/wp\/v2\/posts\/26802\/revisions\/26812"}],"wp:featuredmedia":[{"embeddable":true,"href":"https:\/\/www.lejournalduforkane.com\/index.php\/wp-json\/wp\/v2\/media\/26811"}],"wp:attachment":[{"href":"https:\/\/www.lejournalduforkane.com\/index.php\/wp-json\/wp\/v2\/media?parent=26802"}],"wp:term":[{"taxonomy":"category","embeddable":true,"href":"https:\/\/www.lejournalduforkane.com\/index.php\/wp-json\/wp\/v2\/categories?post=26802"},{"taxonomy":"post_tag","embeddable":true,"href":"https:\/\/www.lejournalduforkane.com\/index.php\/wp-json\/wp\/v2\/tags?post=26802"}],"curies":[{"name":"wp","href":"https:\/\/api.w.org\/{rel}","templated":true}]}}