
{"id":26803,"date":"2021-05-21T09:28:00","date_gmt":"2021-05-21T09:28:00","guid":{"rendered":"https:\/\/www.lejournalduforkane.com\/?p=26803"},"modified":"2021-05-23T09:31:14","modified_gmt":"2021-05-23T09:31:14","slug":"cortege-a-jerusalem-occupee-fetant-la-victoire-de-gaza-et-de-toute-la-palestine","status":"publish","type":"post","link":"https:\/\/www.lejournalduforkane.com\/index.php\/cortege-a-jerusalem-occupee-fetant-la-victoire-de-gaza-et-de-toute-la-palestine\/","title":{"rendered":"Cort\u00e8ge \u00e0 J\u00e9rusalem occup\u00e9e, f\u00eatant la victoire de Gaza et de toute la Palestine"},"content":{"rendered":"<p>Cort\u00e8ge \u00e0 J\u00e9rusalem occup\u00e9e, f\u00eatant la victoire de Gaza et de toute la Palestine<\/p>\n<div style=\"width: 362px;\" class=\"wp-video\"><!--[if lt IE 9]><script>document.createElement('video');<\/script><![endif]-->\n<video class=\"wp-video-shortcode\" id=\"video-26803-1\" width=\"362\" height=\"640\" preload=\"metadata\" controls=\"controls\"><source type=\"video\/mp4\" src=\"https:\/\/www.lejournalduforkane.com\/wp-content\/uploads\/2021\/05\/187213382_1152037875314774_5777619874205166702_n.mp4?_=1\" \/><a href=\"https:\/\/www.lejournalduforkane.com\/wp-content\/uploads\/2021\/05\/187213382_1152037875314774_5777619874205166702_n.mp4\">https:\/\/www.lejournalduforkane.com\/wp-content\/uploads\/2021\/05\/187213382_1152037875314774_5777619874205166702_n.mp4<\/a><\/video><\/div>\n","protected":false},"excerpt":{"rendered":"<p>Cort\u00e8ge \u00e0 J\u00e9rusalem occup\u00e9e, f\u00eatant la victoire de Gaza et de toute la Palestine [video width=\u00a0\u00bb362&Prime; height=\u00a0\u00bb640&Prime; mp4=\u00a0\u00bbhttps:\/\/www.lejournalduforkane.com\/wp-content\/uploads\/2021\/05\/187213382_1152037875314774_5777619874205166702_n.mp4&Prime;][\/video]<\/p>\n","protected":false},"author":2,"featured_media":26805,"comment_status":"closed","ping_status":"open","sticky":false,"template":"","format":"standard","meta":[],"categories":[],"tags":[],"_links":{"self":[{"href":"https:\/\/www.lejournalduforkane.com\/index.php\/wp-json\/wp\/v2\/posts\/26803"}],"collection":[{"href":"https:\/\/www.lejournalduforkane.com\/index.php\/wp-json\/wp\/v2\/posts"}],"about":[{"href":"https:\/\/www.lejournalduforkane.com\/index.php\/wp-json\/wp\/v2\/types\/post"}],"author":[{"embeddable":true,"href":"https:\/\/www.lejournalduforkane.com\/index.php\/wp-json\/wp\/v2\/users\/2"}],"replies":[{"embeddable":true,"href":"https:\/\/www.lejournalduforkane.com\/index.php\/wp-json\/wp\/v2\/comments?post=26803"}],"version-history":[{"count":1,"href":"https:\/\/www.lejournalduforkane.com\/index.php\/wp-json\/wp\/v2\/posts\/26803\/revisions"}],"predecessor-version":[{"id":26806,"href":"https:\/\/www.lejournalduforkane.com\/index.php\/wp-json\/wp\/v2\/posts\/26803\/revisions\/26806"}],"wp:featuredmedia":[{"embeddable":true,"href":"https:\/\/www.lejournalduforkane.com\/index.php\/wp-json\/wp\/v2\/media\/26805"}],"wp:attachment":[{"href":"https:\/\/www.lejournalduforkane.com\/index.php\/wp-json\/wp\/v2\/media?parent=26803"}],"wp:term":[{"taxonomy":"category","embeddable":true,"href":"https:\/\/www.lejournalduforkane.com\/index.php\/wp-json\/wp\/v2\/categories?post=26803"},{"taxonomy":"post_tag","embeddable":true,"href":"https:\/\/www.lejournalduforkane.com\/index.php\/wp-json\/wp\/v2\/tags?post=26803"}],"curies":[{"name":"wp","href":"https:\/\/api.w.org\/{rel}","templated":true}]}}