
{"id":26821,"date":"2021-05-23T09:53:22","date_gmt":"2021-05-23T09:53:22","guid":{"rendered":"https:\/\/www.lejournalduforkane.com\/?p=26821"},"modified":"2021-05-23T09:53:24","modified_gmt":"2021-05-23T09:53:24","slug":"israel-a-lance-une-offensive-de-charme-sur-tik-tok-instagram-mais-ces-reseaux-moins-politises-ont-ete-inondes-dun-torrent-dimages-de-gaza-de-publications-pro-palestiniennes","status":"publish","type":"post","link":"https:\/\/www.lejournalduforkane.com\/index.php\/israel-a-lance-une-offensive-de-charme-sur-tik-tok-instagram-mais-ces-reseaux-moins-politises-ont-ete-inondes-dun-torrent-dimages-de-gaza-de-publications-pro-palestiniennes\/","title":{"rendered":"Isra\u00ebl a lanc\u00e9 une \u00aboffensive de charme\u00bb sur Tik Tok &#038; Instagram, mais ces r\u00e9seaux moins politis\u00e9s ont \u00e9t\u00e9 inond\u00e9s d&rsquo;un torrent d&rsquo;images de Gaza &#038; de publications pro-palestiniennes"},"content":{"rendered":"<div class=\"\" dir=\"auto\">\n<div id=\"jsc_c_em\" class=\"ecm0bbzt hv4rvrfc ihqw7lf3 dati1w0a\" data-ad-comet-preview=\"message\" data-ad-preview=\"message\">\n<div class=\"j83agx80 cbu4d94t ew0dbk1b irj2b8pg\">\n<div class=\"qzhwtbm6 knvmm38d\">\n<div class=\"kvgmc6g5 cxmmr5t8 oygrvhab hcukyx3x c1et5uql ii04i59q\">\n<div dir=\"auto\">Isra\u00ebl a lanc\u00e9 une \u00aboffensive de charme\u00bb sur Tik Tok &amp; Instagram, mais ces r\u00e9seaux moins politis\u00e9s ont \u00e9t\u00e9 inond\u00e9s d&rsquo;un torrent d&rsquo;images de Gaza &amp; de publications pro-palestiniennes, au point qu&rsquo;Isra\u00ebl a officiellement exig\u00e9 qu&rsquo;ils imposent une censure<\/div>\n<\/div>\n<\/div>\n<\/div>\n<\/div>\n<\/div>\n<div id=\"jsc_c_en\" class=\"l9j0dhe7\">\n<div class=\"l9j0dhe7\">\n<div>\n<div class=\"do00u71z ni8dbmo4 stjgntxs l9j0dhe7\">\u00a0<\/div>\n<\/div>\n<\/div>\n<\/div>\n\n\n<figure class=\"wp-block-embed is-type-video is-provider-youtube wp-block-embed-youtube wp-embed-aspect-16-9 wp-has-aspect-ratio\"><div class=\"wp-block-embed__wrapper\">\n<iframe loading=\"lazy\" title=\"Tik Tok : \u00ab Offensive de charme \u00bb d&#039;Isra\u00ebl et riposte du monde entier\" width=\"500\" height=\"281\" src=\"https:\/\/www.youtube.com\/embed\/yQPwPD47oOg?feature=oembed\" frameborder=\"0\" allow=\"accelerometer; autoplay; clipboard-write; encrypted-media; gyroscope; picture-in-picture\" allowfullscreen><\/iframe>\n<\/div><\/figure>\n","protected":false},"excerpt":{"rendered":"<p>Isra\u00ebl a lanc\u00e9 une \u00aboffensive de charme\u00bb sur Tik Tok &amp; Instagram, mais ces r\u00e9seaux moins politis\u00e9s ont \u00e9t\u00e9 inond\u00e9s d&rsquo;un torrent d&rsquo;images de Gaza &amp; de publications pro-palestiniennes, au<\/p>\n","protected":false},"author":2,"featured_media":26822,"comment_status":"closed","ping_status":"open","sticky":false,"template":"","format":"standard","meta":[],"categories":[],"tags":[],"_links":{"self":[{"href":"https:\/\/www.lejournalduforkane.com\/index.php\/wp-json\/wp\/v2\/posts\/26821"}],"collection":[{"href":"https:\/\/www.lejournalduforkane.com\/index.php\/wp-json\/wp\/v2\/posts"}],"about":[{"href":"https:\/\/www.lejournalduforkane.com\/index.php\/wp-json\/wp\/v2\/types\/post"}],"author":[{"embeddable":true,"href":"https:\/\/www.lejournalduforkane.com\/index.php\/wp-json\/wp\/v2\/users\/2"}],"replies":[{"embeddable":true,"href":"https:\/\/www.lejournalduforkane.com\/index.php\/wp-json\/wp\/v2\/comments?post=26821"}],"version-history":[{"count":1,"href":"https:\/\/www.lejournalduforkane.com\/index.php\/wp-json\/wp\/v2\/posts\/26821\/revisions"}],"predecessor-version":[{"id":26823,"href":"https:\/\/www.lejournalduforkane.com\/index.php\/wp-json\/wp\/v2\/posts\/26821\/revisions\/26823"}],"wp:featuredmedia":[{"embeddable":true,"href":"https:\/\/www.lejournalduforkane.com\/index.php\/wp-json\/wp\/v2\/media\/26822"}],"wp:attachment":[{"href":"https:\/\/www.lejournalduforkane.com\/index.php\/wp-json\/wp\/v2\/media?parent=26821"}],"wp:term":[{"taxonomy":"category","embeddable":true,"href":"https:\/\/www.lejournalduforkane.com\/index.php\/wp-json\/wp\/v2\/categories?post=26821"},{"taxonomy":"post_tag","embeddable":true,"href":"https:\/\/www.lejournalduforkane.com\/index.php\/wp-json\/wp\/v2\/tags?post=26821"}],"curies":[{"name":"wp","href":"https:\/\/api.w.org\/{rel}","templated":true}]}}