
{"id":26875,"date":"2021-05-28T17:30:00","date_gmt":"2021-05-28T17:30:00","guid":{"rendered":"https:\/\/www.lejournalduforkane.com\/?p=26875"},"modified":"2021-05-30T17:44:50","modified_gmt":"2021-05-30T17:44:50","slug":"les-religieuses-religieux-de-qara-en-syrie-decrivent-les-combattants-du-hezbollah-qui-ont-contribue-a-la-liberation-du-pays-face-aux-hordes-de-daesh-comme-des-anges","status":"publish","type":"post","link":"https:\/\/www.lejournalduforkane.com\/index.php\/les-religieuses-religieux-de-qara-en-syrie-decrivent-les-combattants-du-hezbollah-qui-ont-contribue-a-la-liberation-du-pays-face-aux-hordes-de-daesh-comme-des-anges\/","title":{"rendered":"Les religieuses\/religieux de Qara, en Syrie, d\u00e9crivent les combattants du Hezbollah (qui ont contribu\u00e9 \u00e0 la lib\u00e9ration du pays face aux hordes de Daesh) comme des \u00ab\u00a0anges\u00a0\u00bb"},"content":{"rendered":"<div class=\"kvgmc6g5 cxmmr5t8 oygrvhab hcukyx3x c1et5uql\">\n<div dir=\"auto\">Les religieuses\/religieux de Qara, en Syrie, d\u00e9crivent les combattants du Hezbollah (qui ont contribu\u00e9 \u00e0 la lib\u00e9ration du pays face aux hordes de Daesh) comme des \u00ab\u00a0anges\u00a0\u00bb.<\/div>\n<div dir=\"auto\">\u00a0<\/div>\n<\/div>\n<div class=\"o9v6fnle cxmmr5t8 oygrvhab hcukyx3x c1et5uql\">\n<div dir=\"auto\">On comprend que les pseudos-d\u00e9fenseurs des \u00ab\u00a0valeurs chr\u00e9tiennes\u00a0\u00bb ne sont que des islamopathes masqu\u00e9s<\/div>\n<\/div>\n<div dir=\"auto\">\u00a0<\/div>\n<div dir=\"auto\">\u00a0<\/div>\n\n\n<figure class=\"wp-block-embed is-type-video is-provider-youtube wp-block-embed-youtube wp-embed-aspect-4-3 wp-has-aspect-ratio\"><div class=\"wp-block-embed__wrapper\">\n<iframe loading=\"lazy\" title=\"Les Religieux de Qara, en Syrie, d\u00e9crivent les combattants du Hezbollah comme des &quot;anges&quot;\" width=\"500\" height=\"375\" src=\"https:\/\/www.youtube.com\/embed\/_kxPj0FBD4k?feature=oembed\" frameborder=\"0\" allow=\"accelerometer; autoplay; clipboard-write; encrypted-media; gyroscope; picture-in-picture\" allowfullscreen><\/iframe>\n<\/div><\/figure>\n","protected":false},"excerpt":{"rendered":"<p>Les religieuses\/religieux de Qara, en Syrie, d\u00e9crivent les combattants du Hezbollah (qui ont contribu\u00e9 \u00e0 la lib\u00e9ration du pays face aux hordes de Daesh) comme des \u00ab\u00a0anges\u00a0\u00bb. \u00a0 On comprend<\/p>\n","protected":false},"author":2,"featured_media":26876,"comment_status":"closed","ping_status":"open","sticky":false,"template":"","format":"standard","meta":[],"categories":[],"tags":[],"_links":{"self":[{"href":"https:\/\/www.lejournalduforkane.com\/index.php\/wp-json\/wp\/v2\/posts\/26875"}],"collection":[{"href":"https:\/\/www.lejournalduforkane.com\/index.php\/wp-json\/wp\/v2\/posts"}],"about":[{"href":"https:\/\/www.lejournalduforkane.com\/index.php\/wp-json\/wp\/v2\/types\/post"}],"author":[{"embeddable":true,"href":"https:\/\/www.lejournalduforkane.com\/index.php\/wp-json\/wp\/v2\/users\/2"}],"replies":[{"embeddable":true,"href":"https:\/\/www.lejournalduforkane.com\/index.php\/wp-json\/wp\/v2\/comments?post=26875"}],"version-history":[{"count":1,"href":"https:\/\/www.lejournalduforkane.com\/index.php\/wp-json\/wp\/v2\/posts\/26875\/revisions"}],"predecessor-version":[{"id":26877,"href":"https:\/\/www.lejournalduforkane.com\/index.php\/wp-json\/wp\/v2\/posts\/26875\/revisions\/26877"}],"wp:featuredmedia":[{"embeddable":true,"href":"https:\/\/www.lejournalduforkane.com\/index.php\/wp-json\/wp\/v2\/media\/26876"}],"wp:attachment":[{"href":"https:\/\/www.lejournalduforkane.com\/index.php\/wp-json\/wp\/v2\/media?parent=26875"}],"wp:term":[{"taxonomy":"category","embeddable":true,"href":"https:\/\/www.lejournalduforkane.com\/index.php\/wp-json\/wp\/v2\/categories?post=26875"},{"taxonomy":"post_tag","embeddable":true,"href":"https:\/\/www.lejournalduforkane.com\/index.php\/wp-json\/wp\/v2\/tags?post=26875"}],"curies":[{"name":"wp","href":"https:\/\/api.w.org\/{rel}","templated":true}]}}