
{"id":26949,"date":"2021-06-10T19:12:15","date_gmt":"2021-06-10T19:12:15","guid":{"rendered":"https:\/\/www.lejournalduforkane.com\/?p=26949"},"modified":"2021-06-10T19:12:17","modified_gmt":"2021-06-10T19:12:17","slug":"pour-la-premiere-fois-dans-lhistoire-la-marine-de-guerre-iranienne-penetre-dans-locean-atlantique","status":"publish","type":"post","link":"https:\/\/www.lejournalduforkane.com\/index.php\/pour-la-premiere-fois-dans-lhistoire-la-marine-de-guerre-iranienne-penetre-dans-locean-atlantique\/","title":{"rendered":"Pour la premi\u00e8re fois dans l&rsquo;histoire, la marine de guerre iranienne p\u00e9n\u00e8tre dans l&rsquo;Oc\u00e9an Atlantique."},"content":{"rendered":"<div class=\"kvgmc6g5 cxmmr5t8 oygrvhab hcukyx3x c1et5uql ii04i59q\">\n<div dir=\"auto\">Pour la premi\u00e8re fois dans l&rsquo;histoire, la marine de guerre iranienne p\u00e9n\u00e8tre dans l&rsquo;Oc\u00e9an Atlantique.<\/div>\n<\/div>\n<div class=\"o9v6fnle cxmmr5t8 oygrvhab hcukyx3x c1et5uql ii04i59q\">\n<div dir=\"auto\">Elle va livrer des vedettes au Venezuela, malgr\u00e9 le blocus am\u00e9ricain.<\/div>\n<div dir=\"auto\">\u00a0<\/div>\n<\/div>\n<div class=\"o9v6fnle cxmmr5t8 oygrvhab hcukyx3x c1et5uql ii04i59q\">\n<div dir=\"auto\">Voil\u00e0 \u00e0 quoi ressemble la souverainet\u00e9 et la dignit\u00e9 ! Ni les USA ni Isra\u00ebl n&rsquo;oseront les arr\u00eater !<\/div>\n<\/div>\n\n\n<iframe loading=\"lazy\" src=\"https:\/\/www.facebook.com\/plugins\/video.php?height=314&#038;href=https%3A%2F%2Fwww.facebook.com%2Fle.journal.du.forqane%2Fvideos%2F955943365201740%2F&#038;show_text=false&#038;width=560&#038;t=0\" width=\"560\" height=\"314\" style=\"border:none;overflow:hidden\" scrolling=\"no\" frameborder=\"0\" allowfullscreen=\"true\" allow=\"autoplay; clipboard-write; encrypted-media; picture-in-picture; web-share\" allowFullScreen=\"true\"><\/iframe>\n","protected":false},"excerpt":{"rendered":"<p>Pour la premi\u00e8re fois dans l&rsquo;histoire, la marine de guerre iranienne p\u00e9n\u00e8tre dans l&rsquo;Oc\u00e9an Atlantique. Elle va livrer des vedettes au Venezuela, malgr\u00e9 le blocus am\u00e9ricain. \u00a0 Voil\u00e0 \u00e0 quoi<\/p>\n","protected":false},"author":2,"featured_media":26956,"comment_status":"closed","ping_status":"open","sticky":false,"template":"","format":"standard","meta":[],"categories":[],"tags":[],"_links":{"self":[{"href":"https:\/\/www.lejournalduforkane.com\/index.php\/wp-json\/wp\/v2\/posts\/26949"}],"collection":[{"href":"https:\/\/www.lejournalduforkane.com\/index.php\/wp-json\/wp\/v2\/posts"}],"about":[{"href":"https:\/\/www.lejournalduforkane.com\/index.php\/wp-json\/wp\/v2\/types\/post"}],"author":[{"embeddable":true,"href":"https:\/\/www.lejournalduforkane.com\/index.php\/wp-json\/wp\/v2\/users\/2"}],"replies":[{"embeddable":true,"href":"https:\/\/www.lejournalduforkane.com\/index.php\/wp-json\/wp\/v2\/comments?post=26949"}],"version-history":[{"count":6,"href":"https:\/\/www.lejournalduforkane.com\/index.php\/wp-json\/wp\/v2\/posts\/26949\/revisions"}],"predecessor-version":[{"id":26982,"href":"https:\/\/www.lejournalduforkane.com\/index.php\/wp-json\/wp\/v2\/posts\/26949\/revisions\/26982"}],"wp:featuredmedia":[{"embeddable":true,"href":"https:\/\/www.lejournalduforkane.com\/index.php\/wp-json\/wp\/v2\/media\/26956"}],"wp:attachment":[{"href":"https:\/\/www.lejournalduforkane.com\/index.php\/wp-json\/wp\/v2\/media?parent=26949"}],"wp:term":[{"taxonomy":"category","embeddable":true,"href":"https:\/\/www.lejournalduforkane.com\/index.php\/wp-json\/wp\/v2\/categories?post=26949"},{"taxonomy":"post_tag","embeddable":true,"href":"https:\/\/www.lejournalduforkane.com\/index.php\/wp-json\/wp\/v2\/tags?post=26949"}],"curies":[{"name":"wp","href":"https:\/\/api.w.org\/{rel}","templated":true}]}}