
{"id":26977,"date":"2021-06-15T17:19:00","date_gmt":"2021-06-15T17:19:00","guid":{"rendered":"https:\/\/www.lejournalduforkane.com\/?p=26977"},"modified":"2021-06-16T17:21:14","modified_gmt":"2021-06-16T17:21:14","slug":"trahison-arabe-une-delegation-emirati-eau-en-israel-qui-visite-la-colonie-de-modiin-illit","status":"publish","type":"post","link":"https:\/\/www.lejournalduforkane.com\/index.php\/trahison-arabe-une-delegation-emirati-eau-en-israel-qui-visite-la-colonie-de-modiin-illit\/","title":{"rendered":"TRAHISON ARABE : Une d\u00e9l\u00e9gation \u00e9mirati (EAU) en Isra\u00ebl qui visite la colonie de Modiin Illit."},"content":{"rendered":"<div class=\"kvgmc6g5 cxmmr5t8 oygrvhab hcukyx3x c1et5uql ii04i59q\">\n<div dir=\"auto\">TRAHISON ARABE : Une d\u00e9l\u00e9gation \u00e9mirati (EAU) en Isra\u00ebl qui visite la colonie de Modiin Illit.<\/div>\n<div dir=\"auto\">\u00a0<\/div>\n<\/div>\n<div class=\"o9v6fnle cxmmr5t8 oygrvhab hcukyx3x c1et5uql ii04i59q\">\n<div dir=\"auto\">Dans une vid\u00e9o publi\u00e9e sur YouTube, le ministre des affaires \u00e9trang\u00e8res emirati f\u00e9licite la nomination du nouveau gouvernement isra\u00e9lien.<\/div>\n<\/div>\n\n\n<figure class=\"wp-block-embed is-type-video is-provider-youtube wp-block-embed-youtube wp-embed-aspect-16-9 wp-has-aspect-ratio\"><div class=\"wp-block-embed__wrapper\">\n<iframe loading=\"lazy\" title=\"\u0648\u0641\u062f \u0625\u0645\u0627\u0631\u0627\u062a\u064a \u062a\u0628\u0631\u0639 \u0628\u0645\u0628\u0627\u0644\u063a \u0645\u0627\u0644\u064a\u0629 \u0644\u0645\u0633\u062a\u0648\u0637\u0646\u0629 &quot;\u0645\u0648\u062f\u0639\u064a\u0646 \u0639\u064a\u0644\u064a\u062a&quot; \u063a\u0631\u0628 \u0631\u0627\u0645 \u0627\u0644\u0644\u0647\" width=\"500\" height=\"281\" src=\"https:\/\/www.youtube.com\/embed\/P9qT1sSiLVw?feature=oembed\" frameborder=\"0\" allow=\"accelerometer; autoplay; clipboard-write; encrypted-media; gyroscope; picture-in-picture\" allowfullscreen><\/iframe>\n<\/div><\/figure>\n","protected":false},"excerpt":{"rendered":"<p>TRAHISON ARABE : Une d\u00e9l\u00e9gation \u00e9mirati (EAU) en Isra\u00ebl qui visite la colonie de Modiin Illit. \u00a0 Dans une vid\u00e9o publi\u00e9e sur YouTube, le ministre des affaires \u00e9trang\u00e8res emirati f\u00e9licite<\/p>\n","protected":false},"author":2,"featured_media":26978,"comment_status":"closed","ping_status":"open","sticky":false,"template":"","format":"standard","meta":[],"categories":[],"tags":[],"_links":{"self":[{"href":"https:\/\/www.lejournalduforkane.com\/index.php\/wp-json\/wp\/v2\/posts\/26977"}],"collection":[{"href":"https:\/\/www.lejournalduforkane.com\/index.php\/wp-json\/wp\/v2\/posts"}],"about":[{"href":"https:\/\/www.lejournalduforkane.com\/index.php\/wp-json\/wp\/v2\/types\/post"}],"author":[{"embeddable":true,"href":"https:\/\/www.lejournalduforkane.com\/index.php\/wp-json\/wp\/v2\/users\/2"}],"replies":[{"embeddable":true,"href":"https:\/\/www.lejournalduforkane.com\/index.php\/wp-json\/wp\/v2\/comments?post=26977"}],"version-history":[{"count":1,"href":"https:\/\/www.lejournalduforkane.com\/index.php\/wp-json\/wp\/v2\/posts\/26977\/revisions"}],"predecessor-version":[{"id":26979,"href":"https:\/\/www.lejournalduforkane.com\/index.php\/wp-json\/wp\/v2\/posts\/26977\/revisions\/26979"}],"wp:featuredmedia":[{"embeddable":true,"href":"https:\/\/www.lejournalduforkane.com\/index.php\/wp-json\/wp\/v2\/media\/26978"}],"wp:attachment":[{"href":"https:\/\/www.lejournalduforkane.com\/index.php\/wp-json\/wp\/v2\/media?parent=26977"}],"wp:term":[{"taxonomy":"category","embeddable":true,"href":"https:\/\/www.lejournalduforkane.com\/index.php\/wp-json\/wp\/v2\/categories?post=26977"},{"taxonomy":"post_tag","embeddable":true,"href":"https:\/\/www.lejournalduforkane.com\/index.php\/wp-json\/wp\/v2\/tags?post=26977"}],"curies":[{"name":"wp","href":"https:\/\/api.w.org\/{rel}","templated":true}]}}