
{"id":27017,"date":"2021-06-23T17:24:21","date_gmt":"2021-06-23T17:24:21","guid":{"rendered":"https:\/\/www.lejournalduforkane.com\/?p=27017"},"modified":"2021-06-23T17:24:21","modified_gmt":"2021-06-23T17:24:21","slug":"cette-video-montre-des-colons-jetant-des-chaises-en-plastique-et-des-pierres-sur-des-palestiniens-devant-leurs-maisons-a-sheikh-jarrah","status":"publish","type":"post","link":"https:\/\/www.lejournalduforkane.com\/index.php\/cette-video-montre-des-colons-jetant-des-chaises-en-plastique-et-des-pierres-sur-des-palestiniens-devant-leurs-maisons-a-sheikh-jarrah\/","title":{"rendered":"Cette vid\u00e9o montre des colons jetant des chaises en plastique et des pierres sur des Palestiniens devant leurs maisons \u00e0 Sheikh Jarrah."},"content":{"rendered":"<div class=\"kvgmc6g5 cxmmr5t8 oygrvhab hcukyx3x c1et5uql ii04i59q\">\n<div dir=\"auto\">Cette vid\u00e9o montre des colons jetant des chaises en plastique et des pierres sur des Palestiniens devant leurs maisons \u00e0 Sheikh Jarrah.<\/div>\n<div dir=\"auto\">\u00a0<\/div>\n<\/div>\n<div class=\"o9v6fnle cxmmr5t8 oygrvhab hcukyx3x c1et5uql ii04i59q\">\n<div dir=\"auto\">Les forces isra\u00e9liennes arrivent sur les lieux et commencent \u00e0 attaquer les Palestiniens. Violence syst\u00e9mique en Israel.<\/div>\n<\/div>\n<div class=\"o9v6fnle cxmmr5t8 oygrvhab hcukyx3x c1et5uql ii04i59q\">\n<div dir=\"auto\">Quand des enfants palestiniens jettent des pierres sur des soldats isra\u00e9liens, c&rsquo;est une autorisation au meurtre (en \u00ab\u00a0l\u00e9gitime d\u00e9fense\u00a0\u00bb) ; les m\u00e9dias appellent cela des \u00ab affrontements \u00bb&#8230;. Lorsque les colons sionistes jettent des chaises et des pierres sur des civils palestiniens, les soldats isra\u00e9liens sont autoris\u00e9s \u00e0 se joindre \u00e0 l&rsquo;attaque et les m\u00e9dias se taisent.<\/div>\n<div dir=\"auto\">\u00a0<\/div>\n<\/div>\n<div class=\"o9v6fnle cxmmr5t8 oygrvhab hcukyx3x c1et5uql ii04i59q\">\n<div dir=\"auto\">Pile je gagne, face tu perds.<\/div>\n<\/div>\n\n\n<iframe loading=\"lazy\" src=\"https:\/\/www.facebook.com\/plugins\/video.php?height=308&#038;href=https%3A%2F%2Fwww.facebook.com%2Fle.journal.du.forqane%2Fvideos%2F193699016005276%2F&#038;show_text=false&#038;width=560&#038;t=0\" width=\"560\" height=\"308\" style=\"border:none;overflow:hidden\" scrolling=\"no\" frameborder=\"0\" allowfullscreen=\"true\" allow=\"autoplay; clipboard-write; encrypted-media; picture-in-picture; web-share\" allowFullScreen=\"true\"><\/iframe>\n\n\n\n<p><\/p>\n","protected":false},"excerpt":{"rendered":"<p>Cette vid\u00e9o montre des colons jetant des chaises en plastique et des pierres sur des Palestiniens devant leurs maisons \u00e0 Sheikh Jarrah. \u00a0 Les forces isra\u00e9liennes arrivent sur les lieux<\/p>\n","protected":false},"author":2,"featured_media":27019,"comment_status":"closed","ping_status":"open","sticky":false,"template":"","format":"standard","meta":[],"categories":[],"tags":[],"_links":{"self":[{"href":"https:\/\/www.lejournalduforkane.com\/index.php\/wp-json\/wp\/v2\/posts\/27017"}],"collection":[{"href":"https:\/\/www.lejournalduforkane.com\/index.php\/wp-json\/wp\/v2\/posts"}],"about":[{"href":"https:\/\/www.lejournalduforkane.com\/index.php\/wp-json\/wp\/v2\/types\/post"}],"author":[{"embeddable":true,"href":"https:\/\/www.lejournalduforkane.com\/index.php\/wp-json\/wp\/v2\/users\/2"}],"replies":[{"embeddable":true,"href":"https:\/\/www.lejournalduforkane.com\/index.php\/wp-json\/wp\/v2\/comments?post=27017"}],"version-history":[{"count":1,"href":"https:\/\/www.lejournalduforkane.com\/index.php\/wp-json\/wp\/v2\/posts\/27017\/revisions"}],"predecessor-version":[{"id":27020,"href":"https:\/\/www.lejournalduforkane.com\/index.php\/wp-json\/wp\/v2\/posts\/27017\/revisions\/27020"}],"wp:featuredmedia":[{"embeddable":true,"href":"https:\/\/www.lejournalduforkane.com\/index.php\/wp-json\/wp\/v2\/media\/27019"}],"wp:attachment":[{"href":"https:\/\/www.lejournalduforkane.com\/index.php\/wp-json\/wp\/v2\/media?parent=27017"}],"wp:term":[{"taxonomy":"category","embeddable":true,"href":"https:\/\/www.lejournalduforkane.com\/index.php\/wp-json\/wp\/v2\/categories?post=27017"},{"taxonomy":"post_tag","embeddable":true,"href":"https:\/\/www.lejournalduforkane.com\/index.php\/wp-json\/wp\/v2\/tags?post=27017"}],"curies":[{"name":"wp","href":"https:\/\/api.w.org\/{rel}","templated":true}]}}