
{"id":27035,"date":"2021-06-26T14:49:00","date_gmt":"2021-06-26T14:49:00","guid":{"rendered":"https:\/\/www.lejournalduforkane.com\/?p=27035"},"modified":"2021-06-28T14:53:08","modified_gmt":"2021-06-28T14:53:08","slug":"une-deputee-europeenne-se-leve","status":"publish","type":"post","link":"https:\/\/www.lejournalduforkane.com\/index.php\/une-deputee-europeenne-se-leve\/","title":{"rendered":"Une d\u00e9put\u00e9e europ\u00e9enne se l\u00e8ve !"},"content":{"rendered":"<div class=\"kvgmc6g5 cxmmr5t8 oygrvhab hcukyx3x c1et5uql ii04i59q\">\n<div dir=\"auto\" style=\"text-align: justify;\">Une d\u00e9put\u00e9e europ\u00e9enne se l\u00e8ve !<\/div>\n<\/div>\n<div class=\"o9v6fnle cxmmr5t8 oygrvhab hcukyx3x c1et5uql ii04i59q\">\n<div dir=\"auto\" style=\"text-align: justify;\">La d\u00e9put\u00e9e europ\u00e9enne Mich\u00e8le Rivasi d\u00e9nonce l\u2019opacit\u00e9 totale des contrats sign\u00e9s entre les laboratoires pharmaceutiques et la Commission Europ\u00e9enne pour les vaccins contre la Covid 19.<\/div>\n<div dir=\"auto\" style=\"text-align: justify;\">Elle attaque donc la Commission pour non divulgation des donn\u00e9es.<\/div>\n<\/div>\n\n\n<figure class=\"wp-block-embed is-type-video is-provider-youtube wp-block-embed-youtube wp-embed-aspect-16-9 wp-has-aspect-ratio\"><div class=\"wp-block-embed__wrapper\">\n<iframe loading=\"lazy\" title=\"L\u2019 eurod\u00e9put\u00e9e Mich\u00e8le Rivasi pique une col\u00e8re devant le parlement europ\u00e9en\" width=\"500\" height=\"281\" src=\"https:\/\/www.youtube.com\/embed\/ykz6NGsFlGE?feature=oembed\" frameborder=\"0\" allow=\"accelerometer; autoplay; clipboard-write; encrypted-media; gyroscope; picture-in-picture\" allowfullscreen><\/iframe>\n<\/div><\/figure>\n","protected":false},"excerpt":{"rendered":"<p>Une d\u00e9put\u00e9e europ\u00e9enne se l\u00e8ve ! La d\u00e9put\u00e9e europ\u00e9enne Mich\u00e8le Rivasi d\u00e9nonce l\u2019opacit\u00e9 totale des contrats sign\u00e9s entre les laboratoires pharmaceutiques et la Commission Europ\u00e9enne pour les vaccins contre la<\/p>\n","protected":false},"author":2,"featured_media":27036,"comment_status":"closed","ping_status":"open","sticky":false,"template":"","format":"standard","meta":[],"categories":[],"tags":[],"_links":{"self":[{"href":"https:\/\/www.lejournalduforkane.com\/index.php\/wp-json\/wp\/v2\/posts\/27035"}],"collection":[{"href":"https:\/\/www.lejournalduforkane.com\/index.php\/wp-json\/wp\/v2\/posts"}],"about":[{"href":"https:\/\/www.lejournalduforkane.com\/index.php\/wp-json\/wp\/v2\/types\/post"}],"author":[{"embeddable":true,"href":"https:\/\/www.lejournalduforkane.com\/index.php\/wp-json\/wp\/v2\/users\/2"}],"replies":[{"embeddable":true,"href":"https:\/\/www.lejournalduforkane.com\/index.php\/wp-json\/wp\/v2\/comments?post=27035"}],"version-history":[{"count":1,"href":"https:\/\/www.lejournalduforkane.com\/index.php\/wp-json\/wp\/v2\/posts\/27035\/revisions"}],"predecessor-version":[{"id":27037,"href":"https:\/\/www.lejournalduforkane.com\/index.php\/wp-json\/wp\/v2\/posts\/27035\/revisions\/27037"}],"wp:featuredmedia":[{"embeddable":true,"href":"https:\/\/www.lejournalduforkane.com\/index.php\/wp-json\/wp\/v2\/media\/27036"}],"wp:attachment":[{"href":"https:\/\/www.lejournalduforkane.com\/index.php\/wp-json\/wp\/v2\/media?parent=27035"}],"wp:term":[{"taxonomy":"category","embeddable":true,"href":"https:\/\/www.lejournalduforkane.com\/index.php\/wp-json\/wp\/v2\/categories?post=27035"},{"taxonomy":"post_tag","embeddable":true,"href":"https:\/\/www.lejournalduforkane.com\/index.php\/wp-json\/wp\/v2\/tags?post=27035"}],"curies":[{"name":"wp","href":"https:\/\/api.w.org\/{rel}","templated":true}]}}