
{"id":27050,"date":"2021-07-08T06:56:00","date_gmt":"2021-07-08T06:56:00","guid":{"rendered":"https:\/\/www.lejournalduforkane.com\/?p=27050"},"modified":"2021-07-11T06:58:53","modified_gmt":"2021-07-11T06:58:53","slug":"base-militaire-americaine-en-irak-en-feu-hier-soir-apres-une-attaque-de-roquettes-drones-contre-les-forces-doccupation","status":"publish","type":"post","link":"https:\/\/www.lejournalduforkane.com\/index.php\/base-militaire-americaine-en-irak-en-feu-hier-soir-apres-une-attaque-de-roquettes-drones-contre-les-forces-doccupation\/","title":{"rendered":"Base militaire am\u00e9ricaine en Irak en feu hier soir apr\u00e8s une attaque de roquettes \/ drones contre les forces d&rsquo;occupation."},"content":{"rendered":"<div class=\"kvgmc6g5 cxmmr5t8 oygrvhab hcukyx3x c1et5uql\">\n<div dir=\"auto\">Base militaire am\u00e9ricaine en Irak en feu hier soir apr\u00e8s une attaque de roquettes \/ drones contre les forces d&rsquo;occupation.<\/div>\n<div dir=\"auto\">\u00a0<\/div>\n<\/div>\n<div class=\"o9v6fnle cxmmr5t8 oygrvhab hcukyx3x c1et5uql\">\n<div dir=\"auto\">Les frappes ne feront que s&rsquo;intensifier jusqu&rsquo;au d\u00e9part de l&rsquo;arm\u00e9e US, qui sera encore + humiliant que la d\u00e9route en Afghanistan (fuite de nuit en catimini)<\/div>\n<\/div>\n\n\n<iframe loading=\"lazy\" src=\"https:\/\/www.facebook.com\/plugins\/video.php?height=476&#038;href=https%3A%2F%2Fwww.facebook.com%2Fle.journal.du.forqane%2Fvideos%2F344413033761049%2F&#038;show_text=false&#038;width=261&#038;t=0\" width=\"261\" height=\"476\" style=\"border:none;overflow:hidden\" scrolling=\"no\" frameborder=\"0\" allowfullscreen=\"true\" allow=\"autoplay; clipboard-write; encrypted-media; picture-in-picture; web-share\" allowFullScreen=\"true\"><\/iframe>\n","protected":false},"excerpt":{"rendered":"<p>Base militaire am\u00e9ricaine en Irak en feu hier soir apr\u00e8s une attaque de roquettes \/ drones contre les forces d&rsquo;occupation. \u00a0 Les frappes ne feront que s&rsquo;intensifier jusqu&rsquo;au d\u00e9part de<\/p>\n","protected":false},"author":2,"featured_media":27051,"comment_status":"closed","ping_status":"open","sticky":false,"template":"","format":"standard","meta":[],"categories":[],"tags":[],"_links":{"self":[{"href":"https:\/\/www.lejournalduforkane.com\/index.php\/wp-json\/wp\/v2\/posts\/27050"}],"collection":[{"href":"https:\/\/www.lejournalduforkane.com\/index.php\/wp-json\/wp\/v2\/posts"}],"about":[{"href":"https:\/\/www.lejournalduforkane.com\/index.php\/wp-json\/wp\/v2\/types\/post"}],"author":[{"embeddable":true,"href":"https:\/\/www.lejournalduforkane.com\/index.php\/wp-json\/wp\/v2\/users\/2"}],"replies":[{"embeddable":true,"href":"https:\/\/www.lejournalduforkane.com\/index.php\/wp-json\/wp\/v2\/comments?post=27050"}],"version-history":[{"count":1,"href":"https:\/\/www.lejournalduforkane.com\/index.php\/wp-json\/wp\/v2\/posts\/27050\/revisions"}],"predecessor-version":[{"id":27052,"href":"https:\/\/www.lejournalduforkane.com\/index.php\/wp-json\/wp\/v2\/posts\/27050\/revisions\/27052"}],"wp:featuredmedia":[{"embeddable":true,"href":"https:\/\/www.lejournalduforkane.com\/index.php\/wp-json\/wp\/v2\/media\/27051"}],"wp:attachment":[{"href":"https:\/\/www.lejournalduforkane.com\/index.php\/wp-json\/wp\/v2\/media?parent=27050"}],"wp:term":[{"taxonomy":"category","embeddable":true,"href":"https:\/\/www.lejournalduforkane.com\/index.php\/wp-json\/wp\/v2\/categories?post=27050"},{"taxonomy":"post_tag","embeddable":true,"href":"https:\/\/www.lejournalduforkane.com\/index.php\/wp-json\/wp\/v2\/tags?post=27050"}],"curies":[{"name":"wp","href":"https:\/\/api.w.org\/{rel}","templated":true}]}}