
{"id":27086,"date":"2021-07-12T17:27:00","date_gmt":"2021-07-12T17:27:00","guid":{"rendered":"https:\/\/www.lejournalduforkane.com\/?p=27086"},"modified":"2021-07-17T17:29:38","modified_gmt":"2021-07-17T17:29:38","slug":"le-cancer-terroriste-est-sponsorise-par-washington","status":"publish","type":"post","link":"https:\/\/www.lejournalduforkane.com\/index.php\/le-cancer-terroriste-est-sponsorise-par-washington\/","title":{"rendered":"Le cancer terroriste est sponsoris\u00e9 par Washington!"},"content":{"rendered":"<div class=\"kvgmc6g5 cxmmr5t8 oygrvhab hcukyx3x c1et5uql ii04i59q\">\n<div dir=\"auto\">Qui a cr\u00e9\u00e9 Al-Qa\u00efda contre l&rsquo;URSS en Afghanistan ?<\/div>\n<\/div>\n<div class=\"o9v6fnle cxmmr5t8 oygrvhab hcukyx3x c1et5uql ii04i59q\">\n<div dir=\"auto\">Qui a cr\u00e9\u00e9 Daech pour d\u00e9truire Irak &amp; Syrie ?<\/div>\n<\/div>\n<div class=\"o9v6fnle cxmmr5t8 oygrvhab hcukyx3x c1et5uql ii04i59q\">\n<div dir=\"auto\">L&rsquo;Occident s\u00e8me le chaos.<\/div>\n<\/div>\n<div class=\"o9v6fnle cxmmr5t8 oygrvhab hcukyx3x c1et5uql ii04i59q\">\n<div dir=\"auto\">Le cancer terroriste est sponsoris\u00e9 par Washington. C&rsquo;est la Syrie, l&rsquo;Irak, l&rsquo;Iran, le Hezbollah et la Russie qui l&rsquo;\u00e9radiquent.<\/div>\n<\/div>\n\n\n<figure class=\"wp-block-embed is-type-video is-provider-youtube wp-block-embed-youtube wp-embed-aspect-16-9 wp-has-aspect-ratio\"><div class=\"wp-block-embed__wrapper\">\n<iframe loading=\"lazy\" title=\"Wesley Clark : \u00ab L&#039;OTAN a cr\u00e9\u00e9 Daech pour combattre le Hezbollah \u00bb\" width=\"500\" height=\"281\" src=\"https:\/\/www.youtube.com\/embed\/YXSEE2zj1I4?feature=oembed\" frameborder=\"0\" allow=\"accelerometer; autoplay; clipboard-write; encrypted-media; gyroscope; picture-in-picture\" allowfullscreen><\/iframe>\n<\/div><\/figure>\n","protected":false},"excerpt":{"rendered":"<p>Qui a cr\u00e9\u00e9 Al-Qa\u00efda contre l&rsquo;URSS en Afghanistan ? Qui a cr\u00e9\u00e9 Daech pour d\u00e9truire Irak &amp; Syrie ? L&rsquo;Occident s\u00e8me le chaos. Le cancer terroriste est sponsoris\u00e9 par Washington.<\/p>\n","protected":false},"author":2,"featured_media":27087,"comment_status":"closed","ping_status":"open","sticky":false,"template":"","format":"standard","meta":[],"categories":[],"tags":[],"_links":{"self":[{"href":"https:\/\/www.lejournalduforkane.com\/index.php\/wp-json\/wp\/v2\/posts\/27086"}],"collection":[{"href":"https:\/\/www.lejournalduforkane.com\/index.php\/wp-json\/wp\/v2\/posts"}],"about":[{"href":"https:\/\/www.lejournalduforkane.com\/index.php\/wp-json\/wp\/v2\/types\/post"}],"author":[{"embeddable":true,"href":"https:\/\/www.lejournalduforkane.com\/index.php\/wp-json\/wp\/v2\/users\/2"}],"replies":[{"embeddable":true,"href":"https:\/\/www.lejournalduforkane.com\/index.php\/wp-json\/wp\/v2\/comments?post=27086"}],"version-history":[{"count":1,"href":"https:\/\/www.lejournalduforkane.com\/index.php\/wp-json\/wp\/v2\/posts\/27086\/revisions"}],"predecessor-version":[{"id":27088,"href":"https:\/\/www.lejournalduforkane.com\/index.php\/wp-json\/wp\/v2\/posts\/27086\/revisions\/27088"}],"wp:featuredmedia":[{"embeddable":true,"href":"https:\/\/www.lejournalduforkane.com\/index.php\/wp-json\/wp\/v2\/media\/27087"}],"wp:attachment":[{"href":"https:\/\/www.lejournalduforkane.com\/index.php\/wp-json\/wp\/v2\/media?parent=27086"}],"wp:term":[{"taxonomy":"category","embeddable":true,"href":"https:\/\/www.lejournalduforkane.com\/index.php\/wp-json\/wp\/v2\/categories?post=27086"},{"taxonomy":"post_tag","embeddable":true,"href":"https:\/\/www.lejournalduforkane.com\/index.php\/wp-json\/wp\/v2\/tags?post=27086"}],"curies":[{"name":"wp","href":"https:\/\/api.w.org\/{rel}","templated":true}]}}