
{"id":27107,"date":"2021-07-18T18:19:00","date_gmt":"2021-07-18T18:19:00","guid":{"rendered":"https:\/\/www.lejournalduforkane.com\/?p=27107"},"modified":"2021-07-21T18:22:44","modified_gmt":"2021-07-21T18:22:44","slug":"les-forces-doccupation-tirent-des-balles-en-plomb-et-des-grenades-assourdissantes-sur-les-fideles-a-la-mosquee-al-aqsa","status":"publish","type":"post","link":"https:\/\/www.lejournalduforkane.com\/index.php\/les-forces-doccupation-tirent-des-balles-en-plomb-et-des-grenades-assourdissantes-sur-les-fideles-a-la-mosquee-al-aqsa\/","title":{"rendered":"Les forces d&rsquo;occupation tirent des balles en plomb et des grenades assourdissantes sur les fid\u00e8les \u00e0 la mosqu\u00e9e Al-Aqsa."},"content":{"rendered":"<div class=\"kvgmc6g5 cxmmr5t8 oygrvhab hcukyx3x c1et5uql ii04i59q\">\n<div dir=\"auto\">Les forces d&rsquo;occupation tirent des balles en plomb et des grenades assourdissantes sur les fid\u00e8les \u00e0 la mosqu\u00e9e Al-Aqsa.<\/div>\n<\/div>\n<div class=\"o9v6fnle cxmmr5t8 oygrvhab hcukyx3x c1et5uql ii04i59q\">\n<div dir=\"auto\">Apr\u00e8s les provocations de Ramadan, les provocations de la veille du jour de Arafah et de la f\u00eate de l&rsquo;A\u00efd al-Kabir.<\/div>\n<\/div>\n\n\n<iframe loading=\"lazy\" src=\"https:\/\/www.facebook.com\/plugins\/video.php?height=476&#038;href=https%3A%2F%2Fwww.facebook.com%2Fle.journal.du.forqane%2Fvideos%2F786125008681247%2F&#038;show_text=false&#038;width=269&#038;t=0\" width=\"269\" height=\"476\" style=\"border:none;overflow:hidden\" scrolling=\"no\" frameborder=\"0\" allowfullscreen=\"true\" allow=\"autoplay; clipboard-write; encrypted-media; picture-in-picture; web-share\" allowFullScreen=\"true\"><\/iframe>\n","protected":false},"excerpt":{"rendered":"<p>Les forces d&rsquo;occupation tirent des balles en plomb et des grenades assourdissantes sur les fid\u00e8les \u00e0 la mosqu\u00e9e Al-Aqsa. Apr\u00e8s les provocations de Ramadan, les provocations de la veille du<\/p>\n","protected":false},"author":2,"featured_media":27108,"comment_status":"closed","ping_status":"open","sticky":false,"template":"","format":"standard","meta":[],"categories":[],"tags":[],"_links":{"self":[{"href":"https:\/\/www.lejournalduforkane.com\/index.php\/wp-json\/wp\/v2\/posts\/27107"}],"collection":[{"href":"https:\/\/www.lejournalduforkane.com\/index.php\/wp-json\/wp\/v2\/posts"}],"about":[{"href":"https:\/\/www.lejournalduforkane.com\/index.php\/wp-json\/wp\/v2\/types\/post"}],"author":[{"embeddable":true,"href":"https:\/\/www.lejournalduforkane.com\/index.php\/wp-json\/wp\/v2\/users\/2"}],"replies":[{"embeddable":true,"href":"https:\/\/www.lejournalduforkane.com\/index.php\/wp-json\/wp\/v2\/comments?post=27107"}],"version-history":[{"count":1,"href":"https:\/\/www.lejournalduforkane.com\/index.php\/wp-json\/wp\/v2\/posts\/27107\/revisions"}],"predecessor-version":[{"id":27109,"href":"https:\/\/www.lejournalduforkane.com\/index.php\/wp-json\/wp\/v2\/posts\/27107\/revisions\/27109"}],"wp:featuredmedia":[{"embeddable":true,"href":"https:\/\/www.lejournalduforkane.com\/index.php\/wp-json\/wp\/v2\/media\/27108"}],"wp:attachment":[{"href":"https:\/\/www.lejournalduforkane.com\/index.php\/wp-json\/wp\/v2\/media?parent=27107"}],"wp:term":[{"taxonomy":"category","embeddable":true,"href":"https:\/\/www.lejournalduforkane.com\/index.php\/wp-json\/wp\/v2\/categories?post=27107"},{"taxonomy":"post_tag","embeddable":true,"href":"https:\/\/www.lejournalduforkane.com\/index.php\/wp-json\/wp\/v2\/tags?post=27107"}],"curies":[{"name":"wp","href":"https:\/\/api.w.org\/{rel}","templated":true}]}}