
{"id":27186,"date":"2021-08-16T19:00:00","date_gmt":"2021-08-16T19:00:00","guid":{"rendered":"https:\/\/www.lejournalduforkane.com\/?p=27186"},"modified":"2021-08-18T19:03:13","modified_gmt":"2021-08-18T19:03:13","slug":"des-afghans-desesperes-tentent-de-fuir-kaboul-accroches-a-un-avion-militaire-us","status":"publish","type":"post","link":"https:\/\/www.lejournalduforkane.com\/index.php\/des-afghans-desesperes-tentent-de-fuir-kaboul-accroches-a-un-avion-militaire-us\/","title":{"rendered":"Des Afghans d\u00e9sesp\u00e9r\u00e9s tentent de fuir Kaboul accroch\u00e9s \u00e0 un avion militaire US."},"content":{"rendered":"<div class=\"kvgmc6g5 cxmmr5t8 oygrvhab hcukyx3x c1et5uql\">\n<div dir=\"auto\">Des Afghans d\u00e9sesp\u00e9r\u00e9s tentent de fuir Kaboul accroch\u00e9s \u00e0 un avion militaire US.<\/div>\n<\/div>\n<div class=\"o9v6fnle cxmmr5t8 oygrvhab hcukyx3x c1et5uql\">\n<div dir=\"auto\">On voit une chute tragique sur cette vid\u00e9o.<\/div>\n<\/div>\n<div class=\"o9v6fnle cxmmr5t8 oygrvhab hcukyx3x c1et5uql\">\n<div dir=\"auto\">Des h\u00e9licopt\u00e8res Apache volant \u00e0 basse altitude chassent les civils afghans de la piste avec leurs pales de rotor.<\/div>\n<\/div>\n\n\n<iframe loading=\"lazy\" src=\"https:\/\/www.facebook.com\/plugins\/video.php?height=476&#038;href=https%3A%2F%2Fwww.facebook.com%2Fle.journal.du.forqane%2Fvideos%2F261623665534251%2F&#038;show_text=false&#038;width=319&#038;t=0\" width=\"319\" height=\"476\" style=\"border:none;overflow:hidden\" scrolling=\"no\" frameborder=\"0\" allowfullscreen=\"true\" allow=\"autoplay; clipboard-write; encrypted-media; picture-in-picture; web-share\" allowFullScreen=\"true\"><\/iframe>\n","protected":false},"excerpt":{"rendered":"<p>Des Afghans d\u00e9sesp\u00e9r\u00e9s tentent de fuir Kaboul accroch\u00e9s \u00e0 un avion militaire US. On voit une chute tragique sur cette vid\u00e9o. Des h\u00e9licopt\u00e8res Apache volant \u00e0 basse altitude chassent les<\/p>\n","protected":false},"author":2,"featured_media":27187,"comment_status":"closed","ping_status":"open","sticky":false,"template":"","format":"standard","meta":[],"categories":[],"tags":[],"_links":{"self":[{"href":"https:\/\/www.lejournalduforkane.com\/index.php\/wp-json\/wp\/v2\/posts\/27186"}],"collection":[{"href":"https:\/\/www.lejournalduforkane.com\/index.php\/wp-json\/wp\/v2\/posts"}],"about":[{"href":"https:\/\/www.lejournalduforkane.com\/index.php\/wp-json\/wp\/v2\/types\/post"}],"author":[{"embeddable":true,"href":"https:\/\/www.lejournalduforkane.com\/index.php\/wp-json\/wp\/v2\/users\/2"}],"replies":[{"embeddable":true,"href":"https:\/\/www.lejournalduforkane.com\/index.php\/wp-json\/wp\/v2\/comments?post=27186"}],"version-history":[{"count":1,"href":"https:\/\/www.lejournalduforkane.com\/index.php\/wp-json\/wp\/v2\/posts\/27186\/revisions"}],"predecessor-version":[{"id":27188,"href":"https:\/\/www.lejournalduforkane.com\/index.php\/wp-json\/wp\/v2\/posts\/27186\/revisions\/27188"}],"wp:featuredmedia":[{"embeddable":true,"href":"https:\/\/www.lejournalduforkane.com\/index.php\/wp-json\/wp\/v2\/media\/27187"}],"wp:attachment":[{"href":"https:\/\/www.lejournalduforkane.com\/index.php\/wp-json\/wp\/v2\/media?parent=27186"}],"wp:term":[{"taxonomy":"category","embeddable":true,"href":"https:\/\/www.lejournalduforkane.com\/index.php\/wp-json\/wp\/v2\/categories?post=27186"},{"taxonomy":"post_tag","embeddable":true,"href":"https:\/\/www.lejournalduforkane.com\/index.php\/wp-json\/wp\/v2\/tags?post=27186"}],"curies":[{"name":"wp","href":"https:\/\/api.w.org\/{rel}","templated":true}]}}