
{"id":27192,"date":"2021-08-16T19:05:00","date_gmt":"2021-08-16T19:05:00","guid":{"rendered":"https:\/\/www.lejournalduforkane.com\/?p=27192"},"modified":"2021-08-18T19:07:33","modified_gmt":"2021-08-18T19:07:33","slug":"groupe-de-personnes-vues-assises-sur-laile-dun-avion-decollant-de-laeroport-de-kaboul-au-moins-3-personnes-seraient-mortes","status":"publish","type":"post","link":"https:\/\/www.lejournalduforkane.com\/index.php\/groupe-de-personnes-vues-assises-sur-laile-dun-avion-decollant-de-laeroport-de-kaboul-au-moins-3-personnes-seraient-mortes\/","title":{"rendered":"Groupe de personnes vues assises sur l&rsquo;aile d&rsquo;un avion d\u00e9collant de l&rsquo;a\u00e9roport de Kaboul, au moins 3 personnes seraient mortes."},"content":{"rendered":"<p style=\"text-align: left;\">Groupe de personnes vues assises sur l&rsquo;aile d&rsquo;un avion d\u00e9collant de l&rsquo;a\u00e9roport de Kaboul, au moins 3 personnes seraient mortes.<\/p>\n<p>Les USA sont des alli\u00e9s constants : ils vous abandonnent toujours \u00e0 une mort atroce (cf. Vietnam, etc.).<\/p>\n\n\n<iframe loading=\"lazy\" src=\"https:\/\/www.facebook.com\/plugins\/video.php?height=308&#038;href=https%3A%2F%2Fwww.facebook.com%2Fle.journal.du.forqane%2Fvideos%2F520947262503781%2F&#038;show_text=false&#038;width=560&#038;t=0\" width=\"560\" height=\"308\" style=\"border:none;overflow:hidden\" scrolling=\"no\" frameborder=\"0\" allowfullscreen=\"true\" allow=\"autoplay; clipboard-write; encrypted-media; picture-in-picture; web-share\" allowFullScreen=\"true\"><\/iframe>\n","protected":false},"excerpt":{"rendered":"<p>Groupe de personnes vues assises sur l&rsquo;aile d&rsquo;un avion d\u00e9collant de l&rsquo;a\u00e9roport de Kaboul, au moins 3 personnes seraient mortes. Les USA sont des alli\u00e9s constants : ils vous abandonnent<\/p>\n","protected":false},"author":2,"featured_media":27193,"comment_status":"closed","ping_status":"open","sticky":false,"template":"","format":"standard","meta":[],"categories":[],"tags":[],"_links":{"self":[{"href":"https:\/\/www.lejournalduforkane.com\/index.php\/wp-json\/wp\/v2\/posts\/27192"}],"collection":[{"href":"https:\/\/www.lejournalduforkane.com\/index.php\/wp-json\/wp\/v2\/posts"}],"about":[{"href":"https:\/\/www.lejournalduforkane.com\/index.php\/wp-json\/wp\/v2\/types\/post"}],"author":[{"embeddable":true,"href":"https:\/\/www.lejournalduforkane.com\/index.php\/wp-json\/wp\/v2\/users\/2"}],"replies":[{"embeddable":true,"href":"https:\/\/www.lejournalduforkane.com\/index.php\/wp-json\/wp\/v2\/comments?post=27192"}],"version-history":[{"count":1,"href":"https:\/\/www.lejournalduforkane.com\/index.php\/wp-json\/wp\/v2\/posts\/27192\/revisions"}],"predecessor-version":[{"id":27194,"href":"https:\/\/www.lejournalduforkane.com\/index.php\/wp-json\/wp\/v2\/posts\/27192\/revisions\/27194"}],"wp:featuredmedia":[{"embeddable":true,"href":"https:\/\/www.lejournalduforkane.com\/index.php\/wp-json\/wp\/v2\/media\/27193"}],"wp:attachment":[{"href":"https:\/\/www.lejournalduforkane.com\/index.php\/wp-json\/wp\/v2\/media?parent=27192"}],"wp:term":[{"taxonomy":"category","embeddable":true,"href":"https:\/\/www.lejournalduforkane.com\/index.php\/wp-json\/wp\/v2\/categories?post=27192"},{"taxonomy":"post_tag","embeddable":true,"href":"https:\/\/www.lejournalduforkane.com\/index.php\/wp-json\/wp\/v2\/tags?post=27192"}],"curies":[{"name":"wp","href":"https:\/\/api.w.org\/{rel}","templated":true}]}}