
{"id":27250,"date":"2021-09-06T18:07:00","date_gmt":"2021-09-06T18:07:00","guid":{"rendered":"https:\/\/www.lejournalduforkane.com\/?p=27250"},"modified":"2021-09-08T18:09:22","modified_gmt":"2021-09-08T18:09:22","slug":"evasion-spectaculaire","status":"publish","type":"post","link":"https:\/\/www.lejournalduforkane.com\/index.php\/evasion-spectaculaire\/","title":{"rendered":"\u00c9VASION SPECTACULAIRE"},"content":{"rendered":"\n<iframe loading=\"lazy\" src=\"https:\/\/www.facebook.com\/plugins\/video.php?height=308&#038;href=https%3A%2F%2Fwww.facebook.com%2Fle.journal.du.forqane%2Fvideos%2F844948839541604%2F&#038;show_text=false&#038;width=560&#038;t=0\" width=\"560\" height=\"308\" style=\"border:none;overflow:hidden\" scrolling=\"no\" frameborder=\"0\" allowfullscreen=\"true\" allow=\"autoplay; clipboard-write; encrypted-media; picture-in-picture; web-share\" allowFullScreen=\"true\"><\/iframe>\n\n\n<p>[ \u00c9VASION SPECTACULAIRE ] 6 R\u00e9sistants Palestiniens dont le Commandant Zakaria Al-Zubaidi se sont \u00e9vad\u00e9s de la prison Gilboa d&rsquo;occupation isra\u00e9lienne de haute s\u00e9curit\u00e9, ce lundi aux premi\u00e8res heures de la matin\u00e9e via un tunnel creus\u00e9 sous un \u00e9vier.<\/p>","protected":false},"excerpt":{"rendered":"<p>[ \u00c9VASION SPECTACULAIRE ] 6 R\u00e9sistants Palestiniens dont le Commandant Zakaria Al-Zubaidi se sont \u00e9vad\u00e9s de la prison Gilboa d&rsquo;occupation isra\u00e9lienne de haute s\u00e9curit\u00e9, ce lundi aux premi\u00e8res heures de<\/p>\n","protected":false},"author":2,"featured_media":27251,"comment_status":"closed","ping_status":"open","sticky":false,"template":"","format":"standard","meta":[],"categories":[],"tags":[],"_links":{"self":[{"href":"https:\/\/www.lejournalduforkane.com\/index.php\/wp-json\/wp\/v2\/posts\/27250"}],"collection":[{"href":"https:\/\/www.lejournalduforkane.com\/index.php\/wp-json\/wp\/v2\/posts"}],"about":[{"href":"https:\/\/www.lejournalduforkane.com\/index.php\/wp-json\/wp\/v2\/types\/post"}],"author":[{"embeddable":true,"href":"https:\/\/www.lejournalduforkane.com\/index.php\/wp-json\/wp\/v2\/users\/2"}],"replies":[{"embeddable":true,"href":"https:\/\/www.lejournalduforkane.com\/index.php\/wp-json\/wp\/v2\/comments?post=27250"}],"version-history":[{"count":1,"href":"https:\/\/www.lejournalduforkane.com\/index.php\/wp-json\/wp\/v2\/posts\/27250\/revisions"}],"predecessor-version":[{"id":27252,"href":"https:\/\/www.lejournalduforkane.com\/index.php\/wp-json\/wp\/v2\/posts\/27250\/revisions\/27252"}],"wp:featuredmedia":[{"embeddable":true,"href":"https:\/\/www.lejournalduforkane.com\/index.php\/wp-json\/wp\/v2\/media\/27251"}],"wp:attachment":[{"href":"https:\/\/www.lejournalduforkane.com\/index.php\/wp-json\/wp\/v2\/media?parent=27250"}],"wp:term":[{"taxonomy":"category","embeddable":true,"href":"https:\/\/www.lejournalduforkane.com\/index.php\/wp-json\/wp\/v2\/categories?post=27250"},{"taxonomy":"post_tag","embeddable":true,"href":"https:\/\/www.lejournalduforkane.com\/index.php\/wp-json\/wp\/v2\/tags?post=27250"}],"curies":[{"name":"wp","href":"https:\/\/api.w.org\/{rel}","templated":true}]}}