
{"id":27253,"date":"2021-09-06T18:09:00","date_gmt":"2021-09-06T18:09:00","guid":{"rendered":"https:\/\/www.lejournalduforkane.com\/?p=27253"},"modified":"2021-09-08T18:11:48","modified_gmt":"2021-09-08T18:11:48","slug":"les-palestiniens-de-gaza-ont-pris-part-a-une-veillee-pour-celebrer-levasion-miraculeuse-de-six-prisonniers-politiques-palestiniens-la-nuit-derniere-par-un-tunnel-de-la-prison-israelienne-de-gilboa","status":"publish","type":"post","link":"https:\/\/www.lejournalduforkane.com\/index.php\/les-palestiniens-de-gaza-ont-pris-part-a-une-veillee-pour-celebrer-levasion-miraculeuse-de-six-prisonniers-politiques-palestiniens-la-nuit-derniere-par-un-tunnel-de-la-prison-israelienne-de-gilboa\/","title":{"rendered":"Les Palestiniens de Gaza ont pris part \u00e0 une veill\u00e9e pour c\u00e9l\u00e9brer l&rsquo;\u00e9vasion miraculeuse de six prisonniers politiques palestiniens la nuit derni\u00e8re par un tunnel de la prison isra\u00e9lienne de Gilboa"},"content":{"rendered":"<p>Les Palestiniens de Gaza ont pris part \u00e0 une veill\u00e9e pour c\u00e9l\u00e9brer l&rsquo;\u00e9vasion miraculeuse de six prisonniers politiques palestiniens la nuit derni\u00e8re par un tunnel de la prison isra\u00e9lienne de Gilboa<\/p>\n<p><img loading=\"lazy\" class=\"alignnone size-full wp-image-27254\" src=\"https:\/\/www.lejournalduforkane.com\/wp-content\/uploads\/2021\/09\/Les-Palestiniens-de-Gaza-ont-pris-part-a-une-veillee-pour-celebrer-levasion-miraculeuse-de-six-prisonniers-politiques.jpg\" alt=\"\" width=\"360\" height=\"203\" srcset=\"https:\/\/www.lejournalduforkane.com\/wp-content\/uploads\/2021\/09\/Les-Palestiniens-de-Gaza-ont-pris-part-a-une-veillee-pour-celebrer-levasion-miraculeuse-de-six-prisonniers-politiques.jpg 360w, https:\/\/www.lejournalduforkane.com\/wp-content\/uploads\/2021\/09\/Les-Palestiniens-de-Gaza-ont-pris-part-a-une-veillee-pour-celebrer-levasion-miraculeuse-de-six-prisonniers-politiques-300x169.jpg 300w\" sizes=\"(max-width: 360px) 100vw, 360px\" \/> <img loading=\"lazy\" class=\"alignnone size-full wp-image-27255\" src=\"https:\/\/www.lejournalduforkane.com\/wp-content\/uploads\/2021\/09\/Les-Palestiniens-de-Gaza-ont-pris-part-a-une-veillee-pour-celebrer-levasion-miraculeuse-de-six-prisonniers-politiques-1.jpg\" alt=\"\" width=\"360\" height=\"203\" srcset=\"https:\/\/www.lejournalduforkane.com\/wp-content\/uploads\/2021\/09\/Les-Palestiniens-de-Gaza-ont-pris-part-a-une-veillee-pour-celebrer-levasion-miraculeuse-de-six-prisonniers-politiques-1.jpg 360w, https:\/\/www.lejournalduforkane.com\/wp-content\/uploads\/2021\/09\/Les-Palestiniens-de-Gaza-ont-pris-part-a-une-veillee-pour-celebrer-levasion-miraculeuse-de-six-prisonniers-politiques-1-300x169.jpg 300w\" sizes=\"(max-width: 360px) 100vw, 360px\" \/> <img loading=\"lazy\" class=\"alignnone size-full wp-image-27256\" src=\"https:\/\/www.lejournalduforkane.com\/wp-content\/uploads\/2021\/09\/Les-Palestiniens-de-Gaza-ont-pris-part-a-une-veillee-pour-celebrer-levasion-miraculeuse-de-six-prisonniers-politiques-2.jpg\" alt=\"\" width=\"360\" height=\"203\" srcset=\"https:\/\/www.lejournalduforkane.com\/wp-content\/uploads\/2021\/09\/Les-Palestiniens-de-Gaza-ont-pris-part-a-une-veillee-pour-celebrer-levasion-miraculeuse-de-six-prisonniers-politiques-2.jpg 360w, https:\/\/www.lejournalduforkane.com\/wp-content\/uploads\/2021\/09\/Les-Palestiniens-de-Gaza-ont-pris-part-a-une-veillee-pour-celebrer-levasion-miraculeuse-de-six-prisonniers-politiques-2-300x169.jpg 300w\" sizes=\"(max-width: 360px) 100vw, 360px\" \/> <img loading=\"lazy\" class=\"alignnone size-full wp-image-27257\" src=\"https:\/\/www.lejournalduforkane.com\/wp-content\/uploads\/2021\/09\/Les-Palestiniens-de-Gaza-ont-pris-part-a-une-veillee-pour-celebrer-levasion-miraculeuse-de-six-prisonniers-politiques-3.jpg\" alt=\"\" width=\"360\" height=\"203\" srcset=\"https:\/\/www.lejournalduforkane.com\/wp-content\/uploads\/2021\/09\/Les-Palestiniens-de-Gaza-ont-pris-part-a-une-veillee-pour-celebrer-levasion-miraculeuse-de-six-prisonniers-politiques-3.jpg 360w, https:\/\/www.lejournalduforkane.com\/wp-content\/uploads\/2021\/09\/Les-Palestiniens-de-Gaza-ont-pris-part-a-une-veillee-pour-celebrer-levasion-miraculeuse-de-six-prisonniers-politiques-3-300x169.jpg 300w\" sizes=\"(max-width: 360px) 100vw, 360px\" \/><\/p>\n","protected":false},"excerpt":{"rendered":"<p>Les Palestiniens de Gaza ont pris part \u00e0 une veill\u00e9e pour c\u00e9l\u00e9brer l&rsquo;\u00e9vasion miraculeuse de six prisonniers politiques palestiniens la nuit derni\u00e8re par un tunnel de la prison isra\u00e9lienne de<\/p>\n","protected":false},"author":2,"featured_media":27257,"comment_status":"closed","ping_status":"open","sticky":false,"template":"","format":"standard","meta":[],"categories":[],"tags":[],"_links":{"self":[{"href":"https:\/\/www.lejournalduforkane.com\/index.php\/wp-json\/wp\/v2\/posts\/27253"}],"collection":[{"href":"https:\/\/www.lejournalduforkane.com\/index.php\/wp-json\/wp\/v2\/posts"}],"about":[{"href":"https:\/\/www.lejournalduforkane.com\/index.php\/wp-json\/wp\/v2\/types\/post"}],"author":[{"embeddable":true,"href":"https:\/\/www.lejournalduforkane.com\/index.php\/wp-json\/wp\/v2\/users\/2"}],"replies":[{"embeddable":true,"href":"https:\/\/www.lejournalduforkane.com\/index.php\/wp-json\/wp\/v2\/comments?post=27253"}],"version-history":[{"count":1,"href":"https:\/\/www.lejournalduforkane.com\/index.php\/wp-json\/wp\/v2\/posts\/27253\/revisions"}],"predecessor-version":[{"id":27258,"href":"https:\/\/www.lejournalduforkane.com\/index.php\/wp-json\/wp\/v2\/posts\/27253\/revisions\/27258"}],"wp:featuredmedia":[{"embeddable":true,"href":"https:\/\/www.lejournalduforkane.com\/index.php\/wp-json\/wp\/v2\/media\/27257"}],"wp:attachment":[{"href":"https:\/\/www.lejournalduforkane.com\/index.php\/wp-json\/wp\/v2\/media?parent=27253"}],"wp:term":[{"taxonomy":"category","embeddable":true,"href":"https:\/\/www.lejournalduforkane.com\/index.php\/wp-json\/wp\/v2\/categories?post=27253"},{"taxonomy":"post_tag","embeddable":true,"href":"https:\/\/www.lejournalduforkane.com\/index.php\/wp-json\/wp\/v2\/tags?post=27253"}],"curies":[{"name":"wp","href":"https:\/\/api.w.org\/{rel}","templated":true}]}}