
{"id":27274,"date":"2021-09-10T16:46:00","date_gmt":"2021-09-10T16:46:00","guid":{"rendered":"https:\/\/www.lejournalduforkane.com\/?p=27274"},"modified":"2021-09-13T16:48:27","modified_gmt":"2021-09-13T16:48:27","slug":"un-artiste-palestinien-a-cree-une-sculpture-de-sable-pour-decrire-lhumiliation-et-lechec-historiques-du-regime-sioniste-et-lacte-heroique-des-6-prisonniers-palestiniens-evades-du-guantanamo-isra","status":"publish","type":"post","link":"https:\/\/www.lejournalduforkane.com\/index.php\/un-artiste-palestinien-a-cree-une-sculpture-de-sable-pour-decrire-lhumiliation-et-lechec-historiques-du-regime-sioniste-et-lacte-heroique-des-6-prisonniers-palestiniens-evades-du-guantanamo-isra\/","title":{"rendered":"Un artiste palestinien a cr\u00e9\u00e9 une sculpture de sable pour d\u00e9crire l&rsquo;humiliation et l&rsquo;\u00e9chec historiques du r\u00e9gime sioniste et l&rsquo;acte h\u00e9ro\u00efque des 6 prisonniers palestiniens \u00e9vad\u00e9s du Guantanamo isra\u00e9lien."},"content":{"rendered":"<p>Un artiste palestinien a cr\u00e9\u00e9 une sculpture de sable pour d\u00e9crire l&rsquo;humiliation et l&rsquo;\u00e9chec historiques du r\u00e9gime sioniste et l&rsquo;acte h\u00e9ro\u00efque des 6 prisonniers palestiniens \u00e9vad\u00e9s du Guantanamo isra\u00e9lien.<\/p>\n<p><img loading=\"lazy\" class=\"alignnone size-full wp-image-27275\" src=\"https:\/\/www.lejournalduforkane.com\/wp-content\/uploads\/2021\/09\/Un-artiste-palestinien-a-cree-une-sculpture-de-sable-pour-decrire-lhumiliation.jpg\" alt=\"\" width=\"512\" height=\"640\" srcset=\"https:\/\/www.lejournalduforkane.com\/wp-content\/uploads\/2021\/09\/Un-artiste-palestinien-a-cree-une-sculpture-de-sable-pour-decrire-lhumiliation.jpg 512w, https:\/\/www.lejournalduforkane.com\/wp-content\/uploads\/2021\/09\/Un-artiste-palestinien-a-cree-une-sculpture-de-sable-pour-decrire-lhumiliation-240x300.jpg 240w\" sizes=\"(max-width: 512px) 100vw, 512px\" \/><\/p>\n","protected":false},"excerpt":{"rendered":"<p>Un artiste palestinien a cr\u00e9\u00e9 une sculpture de sable pour d\u00e9crire l&rsquo;humiliation et l&rsquo;\u00e9chec historiques du r\u00e9gime sioniste et l&rsquo;acte h\u00e9ro\u00efque des 6 prisonniers palestiniens \u00e9vad\u00e9s du Guantanamo isra\u00e9lien.<\/p>\n","protected":false},"author":2,"featured_media":27275,"comment_status":"closed","ping_status":"open","sticky":false,"template":"","format":"standard","meta":[],"categories":[],"tags":[],"_links":{"self":[{"href":"https:\/\/www.lejournalduforkane.com\/index.php\/wp-json\/wp\/v2\/posts\/27274"}],"collection":[{"href":"https:\/\/www.lejournalduforkane.com\/index.php\/wp-json\/wp\/v2\/posts"}],"about":[{"href":"https:\/\/www.lejournalduforkane.com\/index.php\/wp-json\/wp\/v2\/types\/post"}],"author":[{"embeddable":true,"href":"https:\/\/www.lejournalduforkane.com\/index.php\/wp-json\/wp\/v2\/users\/2"}],"replies":[{"embeddable":true,"href":"https:\/\/www.lejournalduforkane.com\/index.php\/wp-json\/wp\/v2\/comments?post=27274"}],"version-history":[{"count":1,"href":"https:\/\/www.lejournalduforkane.com\/index.php\/wp-json\/wp\/v2\/posts\/27274\/revisions"}],"predecessor-version":[{"id":27276,"href":"https:\/\/www.lejournalduforkane.com\/index.php\/wp-json\/wp\/v2\/posts\/27274\/revisions\/27276"}],"wp:featuredmedia":[{"embeddable":true,"href":"https:\/\/www.lejournalduforkane.com\/index.php\/wp-json\/wp\/v2\/media\/27275"}],"wp:attachment":[{"href":"https:\/\/www.lejournalduforkane.com\/index.php\/wp-json\/wp\/v2\/media?parent=27274"}],"wp:term":[{"taxonomy":"category","embeddable":true,"href":"https:\/\/www.lejournalduforkane.com\/index.php\/wp-json\/wp\/v2\/categories?post=27274"},{"taxonomy":"post_tag","embeddable":true,"href":"https:\/\/www.lejournalduforkane.com\/index.php\/wp-json\/wp\/v2\/tags?post=27274"}],"curies":[{"name":"wp","href":"https:\/\/api.w.org\/{rel}","templated":true}]}}