
{"id":27289,"date":"2021-09-16T16:23:00","date_gmt":"2021-09-16T16:23:00","guid":{"rendered":"https:\/\/www.lejournalduforkane.com\/?p=27289"},"modified":"2021-09-20T16:29:04","modified_gmt":"2021-09-20T16:29:04","slug":"grace-aux-camions-citerne-gracieusement-fournis-par-liran-le-hezbollah-le-liban-a-brise-le-siege-americain","status":"publish","type":"post","link":"https:\/\/www.lejournalduforkane.com\/index.php\/grace-aux-camions-citerne-gracieusement-fournis-par-liran-le-hezbollah-le-liban-a-brise-le-siege-americain\/","title":{"rendered":"Gr\u00e2ce aux camions-citerne gracieusement fournis par l&rsquo;Iran &#038; le Hezbollah, le Liban a bris\u00e9 le si\u00e8ge am\u00e9ricain !"},"content":{"rendered":"\n<iframe loading=\"lazy\" src=\"https:\/\/www.facebook.com\/plugins\/video.php?height=405&#038;href=https%3A%2F%2Fwww.facebook.com%2Fle.journal.du.forqane%2Fvideos%2F834924853842817%2F&#038;show_text=false&#038;width=560&#038;t=0\" width=\"560\" height=\"405\" style=\"border:none;overflow:hidden\" scrolling=\"no\" frameborder=\"0\" allowfullscreen=\"true\" allow=\"autoplay; clipboard-write; encrypted-media; picture-in-picture; web-share\" allowFullScreen=\"true\"><\/iframe>\n","protected":false},"excerpt":{"rendered":"","protected":false},"author":2,"featured_media":27292,"comment_status":"closed","ping_status":"open","sticky":false,"template":"","format":"standard","meta":[],"categories":[],"tags":[],"_links":{"self":[{"href":"https:\/\/www.lejournalduforkane.com\/index.php\/wp-json\/wp\/v2\/posts\/27289"}],"collection":[{"href":"https:\/\/www.lejournalduforkane.com\/index.php\/wp-json\/wp\/v2\/posts"}],"about":[{"href":"https:\/\/www.lejournalduforkane.com\/index.php\/wp-json\/wp\/v2\/types\/post"}],"author":[{"embeddable":true,"href":"https:\/\/www.lejournalduforkane.com\/index.php\/wp-json\/wp\/v2\/users\/2"}],"replies":[{"embeddable":true,"href":"https:\/\/www.lejournalduforkane.com\/index.php\/wp-json\/wp\/v2\/comments?post=27289"}],"version-history":[{"count":1,"href":"https:\/\/www.lejournalduforkane.com\/index.php\/wp-json\/wp\/v2\/posts\/27289\/revisions"}],"predecessor-version":[{"id":27290,"href":"https:\/\/www.lejournalduforkane.com\/index.php\/wp-json\/wp\/v2\/posts\/27289\/revisions\/27290"}],"wp:featuredmedia":[{"embeddable":true,"href":"https:\/\/www.lejournalduforkane.com\/index.php\/wp-json\/wp\/v2\/media\/27292"}],"wp:attachment":[{"href":"https:\/\/www.lejournalduforkane.com\/index.php\/wp-json\/wp\/v2\/media?parent=27289"}],"wp:term":[{"taxonomy":"category","embeddable":true,"href":"https:\/\/www.lejournalduforkane.com\/index.php\/wp-json\/wp\/v2\/categories?post=27289"},{"taxonomy":"post_tag","embeddable":true,"href":"https:\/\/www.lejournalduforkane.com\/index.php\/wp-json\/wp\/v2\/tags?post=27289"}],"curies":[{"name":"wp","href":"https:\/\/api.w.org\/{rel}","templated":true}]}}