
{"id":27308,"date":"2021-09-21T17:58:00","date_gmt":"2021-09-21T17:58:00","guid":{"rendered":"https:\/\/www.lejournalduforkane.com\/?p=27308"},"modified":"2021-09-23T18:00:04","modified_gmt":"2021-09-23T18:00:04","slug":"hier-des-militants-pro-palestiniens-ont-participe-a-une-veillee-en-france-contre-le-parrainage-par-puma-de-lassociation-israelienne-de-football-pour-lapartheid","status":"publish","type":"post","link":"https:\/\/www.lejournalduforkane.com\/index.php\/hier-des-militants-pro-palestiniens-ont-participe-a-une-veillee-en-france-contre-le-parrainage-par-puma-de-lassociation-israelienne-de-football-pour-lapartheid\/","title":{"rendered":"Hier, des militants pro-palestiniens ont particip\u00e9 \u00e0 une veill\u00e9e en France contre le parrainage par Puma de l&rsquo;Association isra\u00e9lienne de football pour l&rsquo;apartheid."},"content":{"rendered":"<p><img loading=\"lazy\" class=\"alignnone size-full wp-image-27309\" src=\"https:\/\/www.lejournalduforkane.com\/wp-content\/uploads\/2021\/09\/Hier-des-militants-pro-palestiniens-ont-participe-a-une-veillee-en-France-contre-le-parrainage-par-Puma-de-lAssociation-israelienne-de-football-pour-lapartheid2.jpg\" alt=\"\" width=\"360\" height=\"162\" srcset=\"https:\/\/www.lejournalduforkane.com\/wp-content\/uploads\/2021\/09\/Hier-des-militants-pro-palestiniens-ont-participe-a-une-veillee-en-France-contre-le-parrainage-par-Puma-de-lAssociation-israelienne-de-football-pour-lapartheid2.jpg 360w, https:\/\/www.lejournalduforkane.com\/wp-content\/uploads\/2021\/09\/Hier-des-militants-pro-palestiniens-ont-participe-a-une-veillee-en-France-contre-le-parrainage-par-Puma-de-lAssociation-israelienne-de-football-pour-lapartheid2-300x135.jpg 300w\" sizes=\"(max-width: 360px) 100vw, 360px\" \/> <img loading=\"lazy\" class=\"alignnone size-full wp-image-27310\" src=\"https:\/\/www.lejournalduforkane.com\/wp-content\/uploads\/2021\/09\/Hier-des-militants-pro-palestiniens-ont-participe-a-une-veillee-en-France-contre-le-parrainage-par-Puma-de-lAssociation-israelienne-de-football-pour-lapartheid1.jpg\" alt=\"\" width=\"360\" height=\"270\" srcset=\"https:\/\/www.lejournalduforkane.com\/wp-content\/uploads\/2021\/09\/Hier-des-militants-pro-palestiniens-ont-participe-a-une-veillee-en-France-contre-le-parrainage-par-Puma-de-lAssociation-israelienne-de-football-pour-lapartheid1.jpg 360w, https:\/\/www.lejournalduforkane.com\/wp-content\/uploads\/2021\/09\/Hier-des-militants-pro-palestiniens-ont-participe-a-une-veillee-en-France-contre-le-parrainage-par-Puma-de-lAssociation-israelienne-de-football-pour-lapartheid1-300x225.jpg 300w\" sizes=\"(max-width: 360px) 100vw, 360px\" \/> <img loading=\"lazy\" class=\"alignnone size-full wp-image-27311\" src=\"https:\/\/www.lejournalduforkane.com\/wp-content\/uploads\/2021\/09\/Hier-des-militants-pro-palestiniens-ont-participe-a-une-veillee-en-France-contre-le-parrainage-par-Puma-de-lAssociation-israelienne-de-football-pour-lapartheid.jpg\" alt=\"\" width=\"360\" height=\"203\" srcset=\"https:\/\/www.lejournalduforkane.com\/wp-content\/uploads\/2021\/09\/Hier-des-militants-pro-palestiniens-ont-participe-a-une-veillee-en-France-contre-le-parrainage-par-Puma-de-lAssociation-israelienne-de-football-pour-lapartheid.jpg 360w, https:\/\/www.lejournalduforkane.com\/wp-content\/uploads\/2021\/09\/Hier-des-militants-pro-palestiniens-ont-participe-a-une-veillee-en-France-contre-le-parrainage-par-Puma-de-lAssociation-israelienne-de-football-pour-lapartheid-300x169.jpg 300w\" sizes=\"(max-width: 360px) 100vw, 360px\" \/> <img loading=\"lazy\" class=\"alignnone size-full wp-image-27312\" src=\"https:\/\/www.lejournalduforkane.com\/wp-content\/uploads\/2021\/09\/Hier-des-militants-pro-palestiniens-ont-participe-a-une-veillee-en-France-contre-le-parrainage-par-Puma-de-lAssociation-israelienne-de-football-pour-lapartheid..jpg\" alt=\"\" width=\"360\" height=\"270\" srcset=\"https:\/\/www.lejournalduforkane.com\/wp-content\/uploads\/2021\/09\/Hier-des-militants-pro-palestiniens-ont-participe-a-une-veillee-en-France-contre-le-parrainage-par-Puma-de-lAssociation-israelienne-de-football-pour-lapartheid..jpg 360w, https:\/\/www.lejournalduforkane.com\/wp-content\/uploads\/2021\/09\/Hier-des-militants-pro-palestiniens-ont-participe-a-une-veillee-en-France-contre-le-parrainage-par-Puma-de-lAssociation-israelienne-de-football-pour-lapartheid.-300x225.jpg 300w\" sizes=\"(max-width: 360px) 100vw, 360px\" \/><\/p>\n","protected":false},"excerpt":{"rendered":"","protected":false},"author":2,"featured_media":27312,"comment_status":"closed","ping_status":"open","sticky":false,"template":"","format":"standard","meta":[],"categories":[],"tags":[],"_links":{"self":[{"href":"https:\/\/www.lejournalduforkane.com\/index.php\/wp-json\/wp\/v2\/posts\/27308"}],"collection":[{"href":"https:\/\/www.lejournalduforkane.com\/index.php\/wp-json\/wp\/v2\/posts"}],"about":[{"href":"https:\/\/www.lejournalduforkane.com\/index.php\/wp-json\/wp\/v2\/types\/post"}],"author":[{"embeddable":true,"href":"https:\/\/www.lejournalduforkane.com\/index.php\/wp-json\/wp\/v2\/users\/2"}],"replies":[{"embeddable":true,"href":"https:\/\/www.lejournalduforkane.com\/index.php\/wp-json\/wp\/v2\/comments?post=27308"}],"version-history":[{"count":1,"href":"https:\/\/www.lejournalduforkane.com\/index.php\/wp-json\/wp\/v2\/posts\/27308\/revisions"}],"predecessor-version":[{"id":27313,"href":"https:\/\/www.lejournalduforkane.com\/index.php\/wp-json\/wp\/v2\/posts\/27308\/revisions\/27313"}],"wp:featuredmedia":[{"embeddable":true,"href":"https:\/\/www.lejournalduforkane.com\/index.php\/wp-json\/wp\/v2\/media\/27312"}],"wp:attachment":[{"href":"https:\/\/www.lejournalduforkane.com\/index.php\/wp-json\/wp\/v2\/media?parent=27308"}],"wp:term":[{"taxonomy":"category","embeddable":true,"href":"https:\/\/www.lejournalduforkane.com\/index.php\/wp-json\/wp\/v2\/categories?post=27308"},{"taxonomy":"post_tag","embeddable":true,"href":"https:\/\/www.lejournalduforkane.com\/index.php\/wp-json\/wp\/v2\/tags?post=27308"}],"curies":[{"name":"wp","href":"https:\/\/api.w.org\/{rel}","templated":true}]}}