
{"id":27318,"date":"2021-09-24T18:55:00","date_gmt":"2021-09-24T18:55:00","guid":{"rendered":"https:\/\/www.lejournalduforkane.com\/?p=27318"},"modified":"2021-09-26T18:58:09","modified_gmt":"2021-09-26T18:58:09","slug":"une-manifestation-de-solidarite-avec-les-prisonniers-palestiniens-a-eu-lieu-aujourdhui-devant-lambassade-disrael-a-buenos-aires-en-argentine","status":"publish","type":"post","link":"https:\/\/www.lejournalduforkane.com\/index.php\/une-manifestation-de-solidarite-avec-les-prisonniers-palestiniens-a-eu-lieu-aujourdhui-devant-lambassade-disrael-a-buenos-aires-en-argentine\/","title":{"rendered":"Une manifestation de solidarit\u00e9 avec les Prisonniers palestiniens a eu lieu aujourd&rsquo;hui devant l&rsquo;ambassade d&rsquo;Isra\u00ebl \u00e0 Buenos Aires, en Argentine"},"content":{"rendered":"\n<iframe loading=\"lazy\" src=\"https:\/\/www.facebook.com\/plugins\/video.php?height=316&#038;href=https%3A%2F%2Fwww.facebook.com%2Fle.journal.du.forqane%2Fvideos%2F859295724977236%2F&#038;show_text=true&#038;width=560&#038;t=0\" width=\"560\" height=\"431\" style=\"border:none;overflow:hidden\" scrolling=\"no\" frameborder=\"0\" allowfullscreen=\"true\" allow=\"autoplay; clipboard-write; encrypted-media; picture-in-picture; web-share\" allowFullScreen=\"true\"><\/iframe>\n","protected":false},"excerpt":{"rendered":"","protected":false},"author":2,"featured_media":27319,"comment_status":"closed","ping_status":"open","sticky":false,"template":"","format":"standard","meta":[],"categories":[],"tags":[],"_links":{"self":[{"href":"https:\/\/www.lejournalduforkane.com\/index.php\/wp-json\/wp\/v2\/posts\/27318"}],"collection":[{"href":"https:\/\/www.lejournalduforkane.com\/index.php\/wp-json\/wp\/v2\/posts"}],"about":[{"href":"https:\/\/www.lejournalduforkane.com\/index.php\/wp-json\/wp\/v2\/types\/post"}],"author":[{"embeddable":true,"href":"https:\/\/www.lejournalduforkane.com\/index.php\/wp-json\/wp\/v2\/users\/2"}],"replies":[{"embeddable":true,"href":"https:\/\/www.lejournalduforkane.com\/index.php\/wp-json\/wp\/v2\/comments?post=27318"}],"version-history":[{"count":1,"href":"https:\/\/www.lejournalduforkane.com\/index.php\/wp-json\/wp\/v2\/posts\/27318\/revisions"}],"predecessor-version":[{"id":27320,"href":"https:\/\/www.lejournalduforkane.com\/index.php\/wp-json\/wp\/v2\/posts\/27318\/revisions\/27320"}],"wp:featuredmedia":[{"embeddable":true,"href":"https:\/\/www.lejournalduforkane.com\/index.php\/wp-json\/wp\/v2\/media\/27319"}],"wp:attachment":[{"href":"https:\/\/www.lejournalduforkane.com\/index.php\/wp-json\/wp\/v2\/media?parent=27318"}],"wp:term":[{"taxonomy":"category","embeddable":true,"href":"https:\/\/www.lejournalduforkane.com\/index.php\/wp-json\/wp\/v2\/categories?post=27318"},{"taxonomy":"post_tag","embeddable":true,"href":"https:\/\/www.lejournalduforkane.com\/index.php\/wp-json\/wp\/v2\/tags?post=27318"}],"curies":[{"name":"wp","href":"https:\/\/api.w.org\/{rel}","templated":true}]}}