
{"id":27329,"date":"2021-09-29T17:24:06","date_gmt":"2021-09-29T17:24:06","guid":{"rendered":"https:\/\/www.lejournalduforkane.com\/?p=27329"},"modified":"2022-07-18T11:24:48","modified_gmt":"2022-07-18T11:24:48","slug":"la-palestine-nest-pas-a-vendre-haniyeh","status":"publish","type":"post","link":"https:\/\/www.lejournalduforkane.com\/index.php\/la-palestine-nest-pas-a-vendre-haniyeh\/","title":{"rendered":"\u00ab\u00a0La Palestine n\u2019est pas \u00e0 vendre\u00a0\u00bb (Haniyeh)"},"content":{"rendered":"<p style=\"text-align: justify;\">\u00ab\u00a0La Palestine n\u2019est pas \u00e0 vendre\u00a0\u00bb (Haniyeh)<\/p>\n<p style=\"text-align: justify;\">\nL\u2019Arabie a demand\u00e9 \u00e0 Abbas de retourner aux n\u00e9gociations de paix avec Isra\u00ebl. Une condition de Gaza a toute r\u00e9conciliation&nbsp;: le Hamas garde les armes. Un attentat \u00e0 Gaza, cherche \u00e0 fragiliser le Hamas et \u00e0 se r\u00e9concilier avec le Fatah. Des personnalit\u00e9s saoudiennes qui parlent comme l\u2019h\u00e9ritier Ben Salman, affirment que certes les Palestiniens, on un probl\u00e8me avec les isra\u00e9liens mais ce ne sont \u00ab\u00a0nos ennemis \u00e0 nous\u00a0\u00bb, on peut donc s\u2019entendre avec eux. C\u2019est une raison de se m\u00e9fier de l\u2019Arabie. En poussant Abbas \u00e0 n\u00e9gocier (on ne sait quoi&nbsp;!), ils les font mourir \u00e0 petits feux.<\/p>\n<p style=\"text-align: justify;\">\nL\u2019Arabie finance l\u2019Autorit\u00e9 palestinienne de Cisjordanie en \u00e9change elle n\u00e9gocie avec Isra\u00ebl jusqu\u2019\u00e0 la fin. Al-Mahdi donne un contre-exemple, celui du Y\u00e9men qui lutte affam\u00e9&nbsp;!<\/p>\n","protected":false},"excerpt":{"rendered":"<p>\u00ab\u00a0La Palestine n\u2019est pas \u00e0 vendre\u00a0\u00bb (Haniyeh) L\u2019Arabie a demand\u00e9 \u00e0 Abbas de retourner aux n\u00e9gociations de paix avec Isra\u00ebl. Une condition de Gaza a toute r\u00e9conciliation&nbsp;: le Hamas garde<\/p>\n","protected":false},"author":2,"featured_media":27330,"comment_status":"closed","ping_status":"open","sticky":false,"template":"","format":"standard","meta":[],"categories":[],"tags":[],"_links":{"self":[{"href":"https:\/\/www.lejournalduforkane.com\/index.php\/wp-json\/wp\/v2\/posts\/27329"}],"collection":[{"href":"https:\/\/www.lejournalduforkane.com\/index.php\/wp-json\/wp\/v2\/posts"}],"about":[{"href":"https:\/\/www.lejournalduforkane.com\/index.php\/wp-json\/wp\/v2\/types\/post"}],"author":[{"embeddable":true,"href":"https:\/\/www.lejournalduforkane.com\/index.php\/wp-json\/wp\/v2\/users\/2"}],"replies":[{"embeddable":true,"href":"https:\/\/www.lejournalduforkane.com\/index.php\/wp-json\/wp\/v2\/comments?post=27329"}],"version-history":[{"count":3,"href":"https:\/\/www.lejournalduforkane.com\/index.php\/wp-json\/wp\/v2\/posts\/27329\/revisions"}],"predecessor-version":[{"id":28852,"href":"https:\/\/www.lejournalduforkane.com\/index.php\/wp-json\/wp\/v2\/posts\/27329\/revisions\/28852"}],"wp:featuredmedia":[{"embeddable":true,"href":"https:\/\/www.lejournalduforkane.com\/index.php\/wp-json\/wp\/v2\/media\/27330"}],"wp:attachment":[{"href":"https:\/\/www.lejournalduforkane.com\/index.php\/wp-json\/wp\/v2\/media?parent=27329"}],"wp:term":[{"taxonomy":"category","embeddable":true,"href":"https:\/\/www.lejournalduforkane.com\/index.php\/wp-json\/wp\/v2\/categories?post=27329"},{"taxonomy":"post_tag","embeddable":true,"href":"https:\/\/www.lejournalduforkane.com\/index.php\/wp-json\/wp\/v2\/tags?post=27329"}],"curies":[{"name":"wp","href":"https:\/\/api.w.org\/{rel}","templated":true}]}}