
{"id":27346,"date":"2021-10-03T15:33:38","date_gmt":"2021-10-03T15:33:38","guid":{"rendered":"https:\/\/www.lejournalduforkane.com\/?p=27346"},"modified":"2021-10-03T15:33:40","modified_gmt":"2021-10-03T15:33:40","slug":"les-bahreinis-participent-a-une-manifestation-a-manama-pour-protester-contre-la-visite-du-ministre-israelien-des-affaires-etrangeres-dans-le-royaume","status":"publish","type":"post","link":"https:\/\/www.lejournalduforkane.com\/index.php\/les-bahreinis-participent-a-une-manifestation-a-manama-pour-protester-contre-la-visite-du-ministre-israelien-des-affaires-etrangeres-dans-le-royaume\/","title":{"rendered":"Les Bahre\u00efnis participent \u00e0 une manifestation \u00e0 Manama pour protester contre la visite du ministre isra\u00e9lien des Affaires \u00e9trang\u00e8res dans le royaume."},"content":{"rendered":"\n<iframe loading=\"lazy\" src=\"https:\/\/www.facebook.com\/plugins\/video.php?height=322&#038;href=https%3A%2F%2Fwww.facebook.com%2Fle.journal.du.forqane%2Fvideos%2F394339102287745%2F&#038;show_text=false&#038;width=560&#038;t=0\" width=\"560\" height=\"322\" style=\"border:none;overflow:hidden\" scrolling=\"no\" frameborder=\"0\" allowfullscreen=\"true\" allow=\"autoplay; clipboard-write; encrypted-media; picture-in-picture; web-share\" allowFullScreen=\"true\"><\/iframe>\n","protected":false},"excerpt":{"rendered":"","protected":false},"author":2,"featured_media":27347,"comment_status":"closed","ping_status":"open","sticky":false,"template":"","format":"standard","meta":[],"categories":[],"tags":[],"_links":{"self":[{"href":"https:\/\/www.lejournalduforkane.com\/index.php\/wp-json\/wp\/v2\/posts\/27346"}],"collection":[{"href":"https:\/\/www.lejournalduforkane.com\/index.php\/wp-json\/wp\/v2\/posts"}],"about":[{"href":"https:\/\/www.lejournalduforkane.com\/index.php\/wp-json\/wp\/v2\/types\/post"}],"author":[{"embeddable":true,"href":"https:\/\/www.lejournalduforkane.com\/index.php\/wp-json\/wp\/v2\/users\/2"}],"replies":[{"embeddable":true,"href":"https:\/\/www.lejournalduforkane.com\/index.php\/wp-json\/wp\/v2\/comments?post=27346"}],"version-history":[{"count":1,"href":"https:\/\/www.lejournalduforkane.com\/index.php\/wp-json\/wp\/v2\/posts\/27346\/revisions"}],"predecessor-version":[{"id":27348,"href":"https:\/\/www.lejournalduforkane.com\/index.php\/wp-json\/wp\/v2\/posts\/27346\/revisions\/27348"}],"wp:featuredmedia":[{"embeddable":true,"href":"https:\/\/www.lejournalduforkane.com\/index.php\/wp-json\/wp\/v2\/media\/27347"}],"wp:attachment":[{"href":"https:\/\/www.lejournalduforkane.com\/index.php\/wp-json\/wp\/v2\/media?parent=27346"}],"wp:term":[{"taxonomy":"category","embeddable":true,"href":"https:\/\/www.lejournalduforkane.com\/index.php\/wp-json\/wp\/v2\/categories?post=27346"},{"taxonomy":"post_tag","embeddable":true,"href":"https:\/\/www.lejournalduforkane.com\/index.php\/wp-json\/wp\/v2\/tags?post=27346"}],"curies":[{"name":"wp","href":"https:\/\/api.w.org\/{rel}","templated":true}]}}