
{"id":27349,"date":"2021-10-03T15:45:34","date_gmt":"2021-10-03T15:45:34","guid":{"rendered":"https:\/\/www.lejournalduforkane.com\/?p=27349"},"modified":"2021-10-03T15:45:37","modified_gmt":"2021-10-03T15:45:37","slug":"20-ans-doppression-contre-lafghanistan","status":"publish","type":"post","link":"https:\/\/www.lejournalduforkane.com\/index.php\/20-ans-doppression-contre-lafghanistan\/","title":{"rendered":"20 ans d\u2019oppression contre l\u2019Afghanistan"},"content":{"rendered":"<div class=\"kvgmc6g5 cxmmr5t8 oygrvhab hcukyx3x c1et5uql\">\n<div dir=\"auto\">Il y a 20 ans l\u2019Am\u00e9rique promettait la libert\u00e9, la d\u00e9mocratie \u00e0 l\u2019Afghanistan et jurait qu\u2019elle d\u2019\u00e9radiquerait les Talibans. Or, les Talibans courent toujours\u2026<\/div>\n<div dir=\"auto\">\u00a0<\/div>\n<\/div>\n<div class=\"o9v6fnle cxmmr5t8 oygrvhab hcukyx3x c1et5uql\">\n<div dir=\"auto\">L\u2019invasion et l\u2019occupation de l\u2019Afghanistan a caus\u00e9 d\u2019\u00e9normes souffrances aux peuple afghan. Les bombardements de civils sont continuels : des c\u00e9r\u00e9monies de mariages, des mosqu\u00e9es, des march\u00e9s, des habitations etc. qui ont fait des dizaines de milliers de victimes. 1\/3 des victimes sont des enfants.<\/div>\n<div dir=\"auto\">\u00a0<\/div>\n<\/div>\n<div class=\"o9v6fnle cxmmr5t8 oygrvhab hcukyx3x c1et5uql\">\n<div dir=\"auto\">Comme le font les sionistes en Palestine occup\u00e9e, l\u2019arm\u00e9e am\u00e9ricaine tue et torture\u2026La c\u00e9l\u00e8bre base US de Bagram haut lieu de tortures et de morts pouvait accueillir plus de 3000 prisonniers.<\/div>\n<div dir=\"auto\">\u00a0<\/div>\n<div dir=\"auto\">Enfin, selon l\u2019ONU en 20 ans d\u2019occupation, l\u2019Afghanistan est devenu l\u2019un des plus gros exportateurs d\u2019opium du monde avec pr\u00e8s de 330 000 hectares en 2017. Des millions d\u2019Afghans souffrent d\u00e9sormais d\u2019addiction. M\u00eame les femmes et les enfants sont touch\u00e9s par ce fl\u00e9au.<\/div>\n<\/div>\n<div class=\"o9v6fnle cxmmr5t8 oygrvhab hcukyx3x c1et5uql\">\n<div dir=\"auto\">Maudit soit l\u2019Am\u00e9rique.<\/div>\n<\/div>\n\n\n<figure class=\"wp-block-embed is-type-video is-provider-youtube wp-block-embed-youtube wp-embed-aspect-16-9 wp-has-aspect-ratio\"><div class=\"wp-block-embed__wrapper\">\n<iframe loading=\"lazy\" title=\"20 Years of Oppression || Ayatollah Khamenei\" width=\"500\" height=\"281\" src=\"https:\/\/www.youtube.com\/embed\/4SKi_n5ZfBg?feature=oembed\" frameborder=\"0\" allow=\"accelerometer; autoplay; clipboard-write; encrypted-media; gyroscope; picture-in-picture\" allowfullscreen><\/iframe>\n<\/div><\/figure>\n","protected":false},"excerpt":{"rendered":"<p>Il y a 20 ans l\u2019Am\u00e9rique promettait la libert\u00e9, la d\u00e9mocratie \u00e0 l\u2019Afghanistan et jurait qu\u2019elle d\u2019\u00e9radiquerait les Talibans. Or, les Talibans courent toujours\u2026 \u00a0 L\u2019invasion et l\u2019occupation de l\u2019Afghanistan<\/p>\n","protected":false},"author":2,"featured_media":27350,"comment_status":"closed","ping_status":"open","sticky":false,"template":"","format":"standard","meta":[],"categories":[],"tags":[],"_links":{"self":[{"href":"https:\/\/www.lejournalduforkane.com\/index.php\/wp-json\/wp\/v2\/posts\/27349"}],"collection":[{"href":"https:\/\/www.lejournalduforkane.com\/index.php\/wp-json\/wp\/v2\/posts"}],"about":[{"href":"https:\/\/www.lejournalduforkane.com\/index.php\/wp-json\/wp\/v2\/types\/post"}],"author":[{"embeddable":true,"href":"https:\/\/www.lejournalduforkane.com\/index.php\/wp-json\/wp\/v2\/users\/2"}],"replies":[{"embeddable":true,"href":"https:\/\/www.lejournalduforkane.com\/index.php\/wp-json\/wp\/v2\/comments?post=27349"}],"version-history":[{"count":1,"href":"https:\/\/www.lejournalduforkane.com\/index.php\/wp-json\/wp\/v2\/posts\/27349\/revisions"}],"predecessor-version":[{"id":27351,"href":"https:\/\/www.lejournalduforkane.com\/index.php\/wp-json\/wp\/v2\/posts\/27349\/revisions\/27351"}],"wp:featuredmedia":[{"embeddable":true,"href":"https:\/\/www.lejournalduforkane.com\/index.php\/wp-json\/wp\/v2\/media\/27350"}],"wp:attachment":[{"href":"https:\/\/www.lejournalduforkane.com\/index.php\/wp-json\/wp\/v2\/media?parent=27349"}],"wp:term":[{"taxonomy":"category","embeddable":true,"href":"https:\/\/www.lejournalduforkane.com\/index.php\/wp-json\/wp\/v2\/categories?post=27349"},{"taxonomy":"post_tag","embeddable":true,"href":"https:\/\/www.lejournalduforkane.com\/index.php\/wp-json\/wp\/v2\/tags?post=27349"}],"curies":[{"name":"wp","href":"https:\/\/api.w.org\/{rel}","templated":true}]}}