
{"id":27355,"date":"2021-10-04T16:42:55","date_gmt":"2021-10-04T16:42:55","guid":{"rendered":"https:\/\/www.lejournalduforkane.com\/?p=27355"},"modified":"2022-07-18T11:24:33","modified_gmt":"2022-07-18T11:24:33","slug":"new-post-les-attentats-aveugles-en-afghanistan-et-au-pakistan","status":"publish","type":"post","link":"https:\/\/www.lejournalduforkane.com\/index.php\/new-post-les-attentats-aveugles-en-afghanistan-et-au-pakistan\/","title":{"rendered":"Les attentats aveugles en Afghanistan et au Pakistan"},"content":{"rendered":"<p align=\"JUSTIFY\">Au Pakistan, il n\u2019y a pas de guerre, ce sont les services secrets qui fomentent attentats meurtriers et destitutions politiques.<\/p>\n<p align=\"JUSTIFY\">En Afghanistan, le pays est sous occupation US. C\u2019est \u00e0 l\u2019ombre de celle-ci que les attentats des fanatiques manipul\u00e9s par certains services sp\u00e9ciaux li\u00e9s \u00e0 la CIA, ont lieu. La mis\u00e8re fait faire tout \u00e0 n\u2019importe qui, contre la religion et m\u00eame Dieu.<\/p>\n<p align=\"CENTER\"><b>Afghanistan et Pakistan ont des destins communs comme la Syrie et l\u2019Irak, pour sortir les supp\u00f4ts des USA de leurs pays. <\/b><\/p>\n","protected":false},"excerpt":{"rendered":"<p>Au Pakistan, il n\u2019y a pas de guerre, ce sont les services secrets qui fomentent attentats meurtriers et destitutions politiques. En Afghanistan, le pays est sous occupation US. C\u2019est \u00e0<\/p>\n","protected":false},"author":2,"featured_media":27356,"comment_status":"closed","ping_status":"open","sticky":false,"template":"","format":"standard","meta":[],"categories":[],"tags":[],"_links":{"self":[{"href":"https:\/\/www.lejournalduforkane.com\/index.php\/wp-json\/wp\/v2\/posts\/27355"}],"collection":[{"href":"https:\/\/www.lejournalduforkane.com\/index.php\/wp-json\/wp\/v2\/posts"}],"about":[{"href":"https:\/\/www.lejournalduforkane.com\/index.php\/wp-json\/wp\/v2\/types\/post"}],"author":[{"embeddable":true,"href":"https:\/\/www.lejournalduforkane.com\/index.php\/wp-json\/wp\/v2\/users\/2"}],"replies":[{"embeddable":true,"href":"https:\/\/www.lejournalduforkane.com\/index.php\/wp-json\/wp\/v2\/comments?post=27355"}],"version-history":[{"count":2,"href":"https:\/\/www.lejournalduforkane.com\/index.php\/wp-json\/wp\/v2\/posts\/27355\/revisions"}],"predecessor-version":[{"id":28850,"href":"https:\/\/www.lejournalduforkane.com\/index.php\/wp-json\/wp\/v2\/posts\/27355\/revisions\/28850"}],"wp:featuredmedia":[{"embeddable":true,"href":"https:\/\/www.lejournalduforkane.com\/index.php\/wp-json\/wp\/v2\/media\/27356"}],"wp:attachment":[{"href":"https:\/\/www.lejournalduforkane.com\/index.php\/wp-json\/wp\/v2\/media?parent=27355"}],"wp:term":[{"taxonomy":"category","embeddable":true,"href":"https:\/\/www.lejournalduforkane.com\/index.php\/wp-json\/wp\/v2\/categories?post=27355"},{"taxonomy":"post_tag","embeddable":true,"href":"https:\/\/www.lejournalduforkane.com\/index.php\/wp-json\/wp\/v2\/tags?post=27355"}],"curies":[{"name":"wp","href":"https:\/\/api.w.org\/{rel}","templated":true}]}}