
{"id":27359,"date":"2021-10-05T16:51:00","date_gmt":"2021-10-05T16:51:00","guid":{"rendered":"https:\/\/www.lejournalduforkane.com\/?p=27359"},"modified":"2022-07-18T11:24:26","modified_gmt":"2022-07-18T11:24:26","slug":"new-post-liran-lennemi-commun","status":"publish","type":"post","link":"https:\/\/www.lejournalduforkane.com\/index.php\/new-post-liran-lennemi-commun\/","title":{"rendered":"L\u2019Iran, \u00ab\u00a0l\u2019ennemi commun\u00a0\u00bb"},"content":{"rendered":"<p align=\"JUSTIFY\">Apr\u00e8s avoir ordonn\u00e9 le blocus du Qatar \u00e0 l\u2019Arabie, Trump propose d\u2019\u00eatre m\u00e9diateur dans cette crise du Golfe. Que du double langage. Autre exemple, le Soudan.<\/p>\n<p align=\"JUSTIFY\">Les Am\u00e9ricains parlent de se rapprocher de Khartoum. La d\u00e9cision est \u00ab\u00a0positive\u00a0\u00bb mais le pays reste sur la \u00ab\u00a0liste noire\u00a0\u00bb du terrorisme. Les USA ne cherchent qu\u2019\u00e0 \u00e9loigner les pays musulmans et autres de l\u2019Iran.<\/p>\n<p align=\"JUSTIFY\">Ainsi sont affich\u00e9s sur cette liste les Gardiens de la R\u00e9volution. Le projet US du \u00ab\u00a0nouveau moyen orient\u00a0\u00bb est arriv\u00e9 \u00e0 son terme, selon les Russes et les Iraniens. Les USA se retirent de l\u2019UNESCO, suivi par Isra\u00ebl qui approuve, de l\u2019ALENA aussi et maintenant sur l\u2019\u00a0\u00bbaccord sur le nucl\u00e9aire iranien\u00a0\u00bb<\/p>\n<p align=\"CENTER\"><b>Pour Al-Mahdi, le pr\u00e9sident US est plus bavard qu\u2019autre chose. Il ne prend m\u00eame pas le temps de r\u00e9fl\u00e9chir d\u2019avance \u00e0 ses discours.<\/b><\/p>\n","protected":false},"excerpt":{"rendered":"<p>Apr\u00e8s avoir ordonn\u00e9 le blocus du Qatar \u00e0 l\u2019Arabie, Trump propose d\u2019\u00eatre m\u00e9diateur dans cette crise du Golfe. Que du double langage. Autre exemple, le Soudan. Les Am\u00e9ricains parlent de<\/p>\n","protected":false},"author":2,"featured_media":27360,"comment_status":"closed","ping_status":"open","sticky":false,"template":"","format":"standard","meta":[],"categories":[],"tags":[],"_links":{"self":[{"href":"https:\/\/www.lejournalduforkane.com\/index.php\/wp-json\/wp\/v2\/posts\/27359"}],"collection":[{"href":"https:\/\/www.lejournalduforkane.com\/index.php\/wp-json\/wp\/v2\/posts"}],"about":[{"href":"https:\/\/www.lejournalduforkane.com\/index.php\/wp-json\/wp\/v2\/types\/post"}],"author":[{"embeddable":true,"href":"https:\/\/www.lejournalduforkane.com\/index.php\/wp-json\/wp\/v2\/users\/2"}],"replies":[{"embeddable":true,"href":"https:\/\/www.lejournalduforkane.com\/index.php\/wp-json\/wp\/v2\/comments?post=27359"}],"version-history":[{"count":2,"href":"https:\/\/www.lejournalduforkane.com\/index.php\/wp-json\/wp\/v2\/posts\/27359\/revisions"}],"predecessor-version":[{"id":28849,"href":"https:\/\/www.lejournalduforkane.com\/index.php\/wp-json\/wp\/v2\/posts\/27359\/revisions\/28849"}],"wp:featuredmedia":[{"embeddable":true,"href":"https:\/\/www.lejournalduforkane.com\/index.php\/wp-json\/wp\/v2\/media\/27360"}],"wp:attachment":[{"href":"https:\/\/www.lejournalduforkane.com\/index.php\/wp-json\/wp\/v2\/media?parent=27359"}],"wp:term":[{"taxonomy":"category","embeddable":true,"href":"https:\/\/www.lejournalduforkane.com\/index.php\/wp-json\/wp\/v2\/categories?post=27359"},{"taxonomy":"post_tag","embeddable":true,"href":"https:\/\/www.lejournalduforkane.com\/index.php\/wp-json\/wp\/v2\/tags?post=27359"}],"curies":[{"name":"wp","href":"https:\/\/api.w.org\/{rel}","templated":true}]}}