
{"id":27376,"date":"2021-10-08T15:31:00","date_gmt":"2021-10-08T15:31:00","guid":{"rendered":"https:\/\/www.lejournalduforkane.com\/?p=27376"},"modified":"2021-10-10T15:34:08","modified_gmt":"2021-10-10T15:34:08","slug":"explosion-dans-une-mosquee-chiite-en-afghanistan-pendant-la-priere-du-vendredi","status":"publish","type":"post","link":"https:\/\/www.lejournalduforkane.com\/index.php\/explosion-dans-une-mosquee-chiite-en-afghanistan-pendant-la-priere-du-vendredi\/","title":{"rendered":"Explosion dans une mosqu\u00e9e chi&rsquo;ite en Afghanistan, pendant la pri\u00e8re du vendredi."},"content":{"rendered":"<div class=\"kvgmc6g5 cxmmr5t8 oygrvhab hcukyx3x c1et5uql\">\n<div dir=\"auto\">Explosion dans une mosqu\u00e9e chi&rsquo;ite en Afghanistan, pendant la pri\u00e8re du vendredi.<\/div>\n<\/div>\n<div class=\"o9v6fnle cxmmr5t8 oygrvhab hcukyx3x c1et5uql\">\n<div dir=\"auto\">Quand les USA ne peuvent pas contr\u00f4ler un pays, ils y s\u00e8ment le chaos et la destruction. Parrains d&rsquo;Al-Qa\u00efda hier, parrains de Daech aujourd&rsquo;hui.<\/div>\n<\/div>\n\n\n<iframe loading=\"lazy\" src=\"https:\/\/www.facebook.com\/plugins\/video.php?height=476&#038;href=https%3A%2F%2Fwww.facebook.com%2Fle.journal.du.forqane%2Fvideos%2F603911720742355%2F&#038;show_text=false&#038;width=260&#038;t=0\" width=\"260\" height=\"476\" style=\"border:none;overflow:hidden\" scrolling=\"no\" frameborder=\"0\" allowfullscreen=\"true\" allow=\"autoplay; clipboard-write; encrypted-media; picture-in-picture; web-share\" allowFullScreen=\"true\"><\/iframe>\n","protected":false},"excerpt":{"rendered":"<p>Explosion dans une mosqu\u00e9e chi&rsquo;ite en Afghanistan, pendant la pri\u00e8re du vendredi. Quand les USA ne peuvent pas contr\u00f4ler un pays, ils y s\u00e8ment le chaos et la destruction. Parrains<\/p>\n","protected":false},"author":2,"featured_media":27377,"comment_status":"closed","ping_status":"open","sticky":false,"template":"","format":"standard","meta":[],"categories":[],"tags":[],"_links":{"self":[{"href":"https:\/\/www.lejournalduforkane.com\/index.php\/wp-json\/wp\/v2\/posts\/27376"}],"collection":[{"href":"https:\/\/www.lejournalduforkane.com\/index.php\/wp-json\/wp\/v2\/posts"}],"about":[{"href":"https:\/\/www.lejournalduforkane.com\/index.php\/wp-json\/wp\/v2\/types\/post"}],"author":[{"embeddable":true,"href":"https:\/\/www.lejournalduforkane.com\/index.php\/wp-json\/wp\/v2\/users\/2"}],"replies":[{"embeddable":true,"href":"https:\/\/www.lejournalduforkane.com\/index.php\/wp-json\/wp\/v2\/comments?post=27376"}],"version-history":[{"count":1,"href":"https:\/\/www.lejournalduforkane.com\/index.php\/wp-json\/wp\/v2\/posts\/27376\/revisions"}],"predecessor-version":[{"id":27378,"href":"https:\/\/www.lejournalduforkane.com\/index.php\/wp-json\/wp\/v2\/posts\/27376\/revisions\/27378"}],"wp:featuredmedia":[{"embeddable":true,"href":"https:\/\/www.lejournalduforkane.com\/index.php\/wp-json\/wp\/v2\/media\/27377"}],"wp:attachment":[{"href":"https:\/\/www.lejournalduforkane.com\/index.php\/wp-json\/wp\/v2\/media?parent=27376"}],"wp:term":[{"taxonomy":"category","embeddable":true,"href":"https:\/\/www.lejournalduforkane.com\/index.php\/wp-json\/wp\/v2\/categories?post=27376"},{"taxonomy":"post_tag","embeddable":true,"href":"https:\/\/www.lejournalduforkane.com\/index.php\/wp-json\/wp\/v2\/tags?post=27376"}],"curies":[{"name":"wp","href":"https:\/\/api.w.org\/{rel}","templated":true}]}}