
{"id":27385,"date":"2021-10-10T15:46:44","date_gmt":"2021-10-10T15:46:44","guid":{"rendered":"https:\/\/www.lejournalduforkane.com\/?p=27385"},"modified":"2022-07-18T11:24:10","modified_gmt":"2022-07-18T11:24:10","slug":"new-post-israel-ou-liran-il-faut-choisir","status":"publish","type":"post","link":"https:\/\/www.lejournalduforkane.com\/index.php\/new-post-israel-ou-liran-il-faut-choisir\/","title":{"rendered":"Isra\u00ebl ou l\u2019Iran, il faut choisir\u00a0!"},"content":{"rendered":"<p align=\"JUSTIFY\">Isra\u00ebl repr\u00e9sente le Mal et l\u2019Iran, le Bien. Dans ces 2 pays, les religieux guident les pas de la politique. Khamenei, le guide des Musulmans, est le sauveur des opprim\u00e9s\u00a0: les voiles sont tomb\u00e9s, seul l\u2019Iran soutient la cause de la Palestine. En Isra\u00ebl, les grands se cachent pour lancer les mots d\u2019ordre \u00e0 suivre. Un g\u00e9n\u00e9ral isra\u00e9lien n\u2019h\u00e9site pas \u00e0 dire\u00a0: \u00ab\u00a0Nous n\u2019avons pas de probl\u00e8me avec Daesh\u00a0; l\u2019ennemi, c\u2019est l\u2019Iran\u00a0\u00bb.<\/p>\n<p align=\"JUSTIFY\">Daesh, c\u2019est l\u2019Islam dirig\u00e9 par Israel. Si l\u2019aviation isra\u00e9lienne peut frapper \u00e0 son gr\u00e9 la Syrie et ses batteries de missiles, l\u2019Iran a les S-300 russes. Le mot d\u2019ordre, c\u2019est s\u2019en prendre sans cesse \u00e0 l\u2019Iran, non pas \u00e0 cause du nucl\u00e9aire pour l\u2019instant mais parce que c\u2019est un Etat souverain et en cela, restera toujours une menace pour un Etat fantoche qui a usurp\u00e9 la Palestine.<\/p>\n<p align=\"JUSTIFY\">C\u2019est pour cela qu&rsquo;ils ne cessent de parler du \u00ab\u00a0nucl\u00e9aire\u00a0\u00bb jusqu\u2019\u00e0 mettre dans la t\u00eate des gens qu\u2019une guerre est in\u00e9vitable en inversant les r\u00f4les. L\u2019Afghanistan, c\u2019\u00e9tait Ben Laden\u00a0; l\u2019Irak, les armes de destruction massives\u00a0; l\u2019Iran, le nucl\u00e9aire. Tout s\u2019est r\u00e9v\u00e9l\u00e9 faux.<\/p>\n<p align=\"JUSTIFY\"><b>Pour Al-Mahdi, il y a de quoi s\u2019en prendre aux hommes quand un g\u00e9n\u00e9ral isra\u00e9lien dit devant les cam\u00e9ras\u00a0: plut\u00f4t Daesh que l\u2019Iran.<\/b><\/p>\n","protected":false},"excerpt":{"rendered":"<p>Isra\u00ebl repr\u00e9sente le Mal et l\u2019Iran, le Bien. Dans ces 2 pays, les religieux guident les pas de la politique. Khamenei, le guide des Musulmans, est le sauveur des opprim\u00e9s\u00a0:<\/p>\n","protected":false},"author":2,"featured_media":27386,"comment_status":"closed","ping_status":"open","sticky":false,"template":"","format":"standard","meta":[],"categories":[],"tags":[],"_links":{"self":[{"href":"https:\/\/www.lejournalduforkane.com\/index.php\/wp-json\/wp\/v2\/posts\/27385"}],"collection":[{"href":"https:\/\/www.lejournalduforkane.com\/index.php\/wp-json\/wp\/v2\/posts"}],"about":[{"href":"https:\/\/www.lejournalduforkane.com\/index.php\/wp-json\/wp\/v2\/types\/post"}],"author":[{"embeddable":true,"href":"https:\/\/www.lejournalduforkane.com\/index.php\/wp-json\/wp\/v2\/users\/2"}],"replies":[{"embeddable":true,"href":"https:\/\/www.lejournalduforkane.com\/index.php\/wp-json\/wp\/v2\/comments?post=27385"}],"version-history":[{"count":2,"href":"https:\/\/www.lejournalduforkane.com\/index.php\/wp-json\/wp\/v2\/posts\/27385\/revisions"}],"predecessor-version":[{"id":28847,"href":"https:\/\/www.lejournalduforkane.com\/index.php\/wp-json\/wp\/v2\/posts\/27385\/revisions\/28847"}],"wp:featuredmedia":[{"embeddable":true,"href":"https:\/\/www.lejournalduforkane.com\/index.php\/wp-json\/wp\/v2\/media\/27386"}],"wp:attachment":[{"href":"https:\/\/www.lejournalduforkane.com\/index.php\/wp-json\/wp\/v2\/media?parent=27385"}],"wp:term":[{"taxonomy":"category","embeddable":true,"href":"https:\/\/www.lejournalduforkane.com\/index.php\/wp-json\/wp\/v2\/categories?post=27385"},{"taxonomy":"post_tag","embeddable":true,"href":"https:\/\/www.lejournalduforkane.com\/index.php\/wp-json\/wp\/v2\/tags?post=27385"}],"curies":[{"name":"wp","href":"https:\/\/api.w.org\/{rel}","templated":true}]}}