
{"id":27398,"date":"2021-10-11T17:08:00","date_gmt":"2021-10-11T17:08:00","guid":{"rendered":"https:\/\/www.lejournalduforkane.com\/?p=27398"},"modified":"2021-10-13T17:10:05","modified_gmt":"2021-10-13T17:10:05","slug":"en-france-lislamophobie-est-le-sport-national-mais-toucher-a-israel-car-lantisionisme-est-assimile-a-lantisemitisme-cest-un-suicide-politique-mediatique-et-social","status":"publish","type":"post","link":"https:\/\/www.lejournalduforkane.com\/index.php\/en-france-lislamophobie-est-le-sport-national-mais-toucher-a-israel-car-lantisionisme-est-assimile-a-lantisemitisme-cest-un-suicide-politique-mediatique-et-social\/","title":{"rendered":"En France, l&rsquo;islamophobie est le sport national, mais toucher \u00e0 Isra\u00ebl (car l&rsquo;antisionisme est assimil\u00e9 \u00e0 l&rsquo;antis\u00e9mitisme) c&rsquo;est un suicide politique, m\u00e9diatique et social."},"content":{"rendered":"\n<iframe loading=\"lazy\" src=\"https:\/\/www.facebook.com\/plugins\/video.php?height=322&#038;href=https%3A%2F%2Fwww.facebook.com%2Fle.journal.du.forqane%2Fvideos%2F1091426288293281%2F&#038;show_text=false&#038;width=560&#038;t=0\" width=\"560\" height=\"322\" style=\"border:none;overflow:hidden\" scrolling=\"no\" frameborder=\"0\" allowfullscreen=\"true\" allow=\"autoplay; clipboard-write; encrypted-media; picture-in-picture; web-share\" allowFullScreen=\"true\"><\/iframe>\n","protected":false},"excerpt":{"rendered":"","protected":false},"author":2,"featured_media":27399,"comment_status":"closed","ping_status":"open","sticky":false,"template":"","format":"standard","meta":[],"categories":[],"tags":[],"_links":{"self":[{"href":"https:\/\/www.lejournalduforkane.com\/index.php\/wp-json\/wp\/v2\/posts\/27398"}],"collection":[{"href":"https:\/\/www.lejournalduforkane.com\/index.php\/wp-json\/wp\/v2\/posts"}],"about":[{"href":"https:\/\/www.lejournalduforkane.com\/index.php\/wp-json\/wp\/v2\/types\/post"}],"author":[{"embeddable":true,"href":"https:\/\/www.lejournalduforkane.com\/index.php\/wp-json\/wp\/v2\/users\/2"}],"replies":[{"embeddable":true,"href":"https:\/\/www.lejournalduforkane.com\/index.php\/wp-json\/wp\/v2\/comments?post=27398"}],"version-history":[{"count":1,"href":"https:\/\/www.lejournalduforkane.com\/index.php\/wp-json\/wp\/v2\/posts\/27398\/revisions"}],"predecessor-version":[{"id":27400,"href":"https:\/\/www.lejournalduforkane.com\/index.php\/wp-json\/wp\/v2\/posts\/27398\/revisions\/27400"}],"wp:featuredmedia":[{"embeddable":true,"href":"https:\/\/www.lejournalduforkane.com\/index.php\/wp-json\/wp\/v2\/media\/27399"}],"wp:attachment":[{"href":"https:\/\/www.lejournalduforkane.com\/index.php\/wp-json\/wp\/v2\/media?parent=27398"}],"wp:term":[{"taxonomy":"category","embeddable":true,"href":"https:\/\/www.lejournalduforkane.com\/index.php\/wp-json\/wp\/v2\/categories?post=27398"},{"taxonomy":"post_tag","embeddable":true,"href":"https:\/\/www.lejournalduforkane.com\/index.php\/wp-json\/wp\/v2\/tags?post=27398"}],"curies":[{"name":"wp","href":"https:\/\/api.w.org\/{rel}","templated":true}]}}