
{"id":27454,"date":"2021-10-20T16:59:09","date_gmt":"2021-10-20T16:59:09","guid":{"rendered":"https:\/\/www.lejournalduforkane.com\/?p=27454"},"modified":"2021-10-20T16:59:11","modified_gmt":"2021-10-20T16:59:11","slug":"le-prophete-muhammad-p-a-change-le-monde","status":"publish","type":"post","link":"https:\/\/www.lejournalduforkane.com\/index.php\/le-prophete-muhammad-p-a-change-le-monde\/","title":{"rendered":"Le Proph\u00e8te Muhammad (P) a chang\u00e9 le monde."},"content":{"rendered":"<div class=\"kvgmc6g5 cxmmr5t8 oygrvhab hcukyx3x c1et5uql ii04i59q\">\n<div dir=\"auto\">Le Proph\u00e8te Muhammad (P) a chang\u00e9 le monde.<\/div>\n<\/div>\n<div class=\"o9v6fnle cxmmr5t8 oygrvhab hcukyx3x c1et5uql ii04i59q\">\n<div dir=\"auto\">Sa mission de promouvoir l&rsquo;honn\u00eatet\u00e9, la pers\u00e9v\u00e9rance, la compassion, l&#8217;empathie et la tol\u00e9rance a \u00e9t\u00e9 une b\u00e9n\u00e9diction pour l&rsquo;Humanit\u00e9.<\/div>\n<\/div>\n<div class=\"o9v6fnle cxmmr5t8 oygrvhab hcukyx3x c1et5uql ii04i59q\">\n<div dir=\"auto\">Il nous a laiss\u00e9 des instructions pour l&rsquo;am\u00e9liorer.<\/div>\n<\/div>\n<div class=\"o9v6fnle cxmmr5t8 oygrvhab hcukyx3x c1et5uql ii04i59q\">\n<div dir=\"auto\">Ensemble, comme un seul, tout est possible.<\/div>\n<\/div>\n<div class=\"o9v6fnle cxmmr5t8 oygrvhab hcukyx3x c1et5uql ii04i59q\">\n<div dir=\"auto\">Joyeux Mawlid \u00e0 tous les musulmans<\/div>\n<\/div>\n","protected":false},"excerpt":{"rendered":"<p>Le Proph\u00e8te Muhammad (P) a chang\u00e9 le monde. Sa mission de promouvoir l&rsquo;honn\u00eatet\u00e9, la pers\u00e9v\u00e9rance, la compassion, l&#8217;empathie et la tol\u00e9rance a \u00e9t\u00e9 une b\u00e9n\u00e9diction pour l&rsquo;Humanit\u00e9. Il nous a<\/p>\n","protected":false},"author":2,"featured_media":27455,"comment_status":"closed","ping_status":"open","sticky":false,"template":"","format":"standard","meta":[],"categories":[],"tags":[],"_links":{"self":[{"href":"https:\/\/www.lejournalduforkane.com\/index.php\/wp-json\/wp\/v2\/posts\/27454"}],"collection":[{"href":"https:\/\/www.lejournalduforkane.com\/index.php\/wp-json\/wp\/v2\/posts"}],"about":[{"href":"https:\/\/www.lejournalduforkane.com\/index.php\/wp-json\/wp\/v2\/types\/post"}],"author":[{"embeddable":true,"href":"https:\/\/www.lejournalduforkane.com\/index.php\/wp-json\/wp\/v2\/users\/2"}],"replies":[{"embeddable":true,"href":"https:\/\/www.lejournalduforkane.com\/index.php\/wp-json\/wp\/v2\/comments?post=27454"}],"version-history":[{"count":1,"href":"https:\/\/www.lejournalduforkane.com\/index.php\/wp-json\/wp\/v2\/posts\/27454\/revisions"}],"predecessor-version":[{"id":27456,"href":"https:\/\/www.lejournalduforkane.com\/index.php\/wp-json\/wp\/v2\/posts\/27454\/revisions\/27456"}],"wp:featuredmedia":[{"embeddable":true,"href":"https:\/\/www.lejournalduforkane.com\/index.php\/wp-json\/wp\/v2\/media\/27455"}],"wp:attachment":[{"href":"https:\/\/www.lejournalduforkane.com\/index.php\/wp-json\/wp\/v2\/media?parent=27454"}],"wp:term":[{"taxonomy":"category","embeddable":true,"href":"https:\/\/www.lejournalduforkane.com\/index.php\/wp-json\/wp\/v2\/categories?post=27454"},{"taxonomy":"post_tag","embeddable":true,"href":"https:\/\/www.lejournalduforkane.com\/index.php\/wp-json\/wp\/v2\/tags?post=27454"}],"curies":[{"name":"wp","href":"https:\/\/api.w.org\/{rel}","templated":true}]}}