
{"id":27458,"date":"2021-10-23T14:48:00","date_gmt":"2021-10-23T14:48:00","guid":{"rendered":"https:\/\/www.lejournalduforkane.com\/?p=27458"},"modified":"2021-10-24T14:56:55","modified_gmt":"2021-10-24T14:56:55","slug":"yemen-lhorreur-totale","status":"publish","type":"post","link":"https:\/\/www.lejournalduforkane.com\/index.php\/yemen-lhorreur-totale\/","title":{"rendered":"Y\u00e9men : L\u2019horreur totale"},"content":{"rendered":"\n<iframe loading=\"lazy\" src=\"https:\/\/www.facebook.com\/plugins\/video.php?height=476&#038;href=https%3A%2F%2Fwww.facebook.com%2Fle.journal.du.forqane%2Fvideos%2F374445444368330%2F&#038;show_text=false&#038;width=266&#038;t=0\" width=\"266\" height=\"476\" style=\"border:none;overflow:hidden\" scrolling=\"no\" frameborder=\"0\" allowfullscreen=\"true\" allow=\"autoplay; clipboard-write; encrypted-media; picture-in-picture; web-share\" allowFullScreen=\"true\"><\/iframe>\n\n\n<div class=\"kvgmc6g5 cxmmr5t8 oygrvhab hcukyx3x c1et5uql\">\n<div dir=\"auto\">\u00a0Il n\u2019y a pas de mots pour d\u00e9crire cette r\u00e9alit\u00e9. Le Pr\u00e9sident et le gouvernement fran\u00e7ais sont co-responsables de ces atrocit\u00e9s.<\/div>\n<\/div>\n<div class=\"o9v6fnle cxmmr5t8 oygrvhab hcukyx3x c1et5uql\">\n<div dir=\"auto\">La vente d\u2019armes lourdes \u00e0 des dictatures perp\u00e9trant des g\u00e9nocides doit cesser imm\u00e9diatement.<\/div>\n<\/div>","protected":false},"excerpt":{"rendered":"<p>\u00a0Il n\u2019y a pas de mots pour d\u00e9crire cette r\u00e9alit\u00e9. Le Pr\u00e9sident et le gouvernement fran\u00e7ais sont co-responsables de ces atrocit\u00e9s. La vente d\u2019armes lourdes \u00e0 des dictatures perp\u00e9trant des<\/p>\n","protected":false},"author":2,"featured_media":27459,"comment_status":"closed","ping_status":"open","sticky":false,"template":"","format":"standard","meta":[],"categories":[],"tags":[],"_links":{"self":[{"href":"https:\/\/www.lejournalduforkane.com\/index.php\/wp-json\/wp\/v2\/posts\/27458"}],"collection":[{"href":"https:\/\/www.lejournalduforkane.com\/index.php\/wp-json\/wp\/v2\/posts"}],"about":[{"href":"https:\/\/www.lejournalduforkane.com\/index.php\/wp-json\/wp\/v2\/types\/post"}],"author":[{"embeddable":true,"href":"https:\/\/www.lejournalduforkane.com\/index.php\/wp-json\/wp\/v2\/users\/2"}],"replies":[{"embeddable":true,"href":"https:\/\/www.lejournalduforkane.com\/index.php\/wp-json\/wp\/v2\/comments?post=27458"}],"version-history":[{"count":1,"href":"https:\/\/www.lejournalduforkane.com\/index.php\/wp-json\/wp\/v2\/posts\/27458\/revisions"}],"predecessor-version":[{"id":27460,"href":"https:\/\/www.lejournalduforkane.com\/index.php\/wp-json\/wp\/v2\/posts\/27458\/revisions\/27460"}],"wp:featuredmedia":[{"embeddable":true,"href":"https:\/\/www.lejournalduforkane.com\/index.php\/wp-json\/wp\/v2\/media\/27459"}],"wp:attachment":[{"href":"https:\/\/www.lejournalduforkane.com\/index.php\/wp-json\/wp\/v2\/media?parent=27458"}],"wp:term":[{"taxonomy":"category","embeddable":true,"href":"https:\/\/www.lejournalduforkane.com\/index.php\/wp-json\/wp\/v2\/categories?post=27458"},{"taxonomy":"post_tag","embeddable":true,"href":"https:\/\/www.lejournalduforkane.com\/index.php\/wp-json\/wp\/v2\/tags?post=27458"}],"curies":[{"name":"wp","href":"https:\/\/api.w.org\/{rel}","templated":true}]}}