
{"id":27461,"date":"2021-10-24T14:57:00","date_gmt":"2021-10-24T14:57:00","guid":{"rendered":"https:\/\/www.lejournalduforkane.com\/?p=27461"},"modified":"2021-10-24T15:00:05","modified_gmt":"2021-10-24T15:00:05","slug":"les-saoud-organisent-des-concerts-avec-des-centaines-de-milliers-de-participants","status":"publish","type":"post","link":"https:\/\/www.lejournalduforkane.com\/index.php\/les-saoud-organisent-des-concerts-avec-des-centaines-de-milliers-de-participants\/","title":{"rendered":"Les Saoud organisent des concerts avec des centaines de milliers de participants!"},"content":{"rendered":"\n<iframe loading=\"lazy\" src=\"https:\/\/www.facebook.com\/plugins\/video.php?height=308&#038;href=https%3A%2F%2Fwww.facebook.com%2Fle.journal.du.forqane%2Fvideos%2F461439171913764%2F&#038;show_text=false&#038;width=560&#038;t=0\" width=\"560\" height=\"308\" style=\"border:none;overflow:hidden\" scrolling=\"no\" frameborder=\"0\" allowfullscreen=\"true\" allow=\"autoplay; clipboard-write; encrypted-media; picture-in-picture; web-share\" allowFullScreen=\"true\"><\/iframe>\n\n\n<div class=\"kvgmc6g5 cxmmr5t8 oygrvhab hcukyx3x c1et5uql ii04i59q\">\n<div dir=\"auto\">Alors que les musulmans f\u00eatent le Mawlid, les Saoud, qui consid\u00e8rent cette tradition h\u00e9r\u00e9tique, organisent des concerts avec des centaines de milliers de participants, tout en imposant des limites drastiques au Hajj au pr\u00e9texte du Covid.<\/div>\n<\/div>\n<div class=\"o9v6fnle cxmmr5t8 oygrvhab hcukyx3x c1et5uql ii04i59q\">\n<div dir=\"auto\">Tout pour plaire \u00e0 l&rsquo;Occident d\u00e9g\u00e9n\u00e9r\u00e9.<\/div>\n<\/div>","protected":false},"excerpt":{"rendered":"<p>Alors que les musulmans f\u00eatent le Mawlid, les Saoud, qui consid\u00e8rent cette tradition h\u00e9r\u00e9tique, organisent des concerts avec des centaines de milliers de participants, tout en imposant des limites drastiques<\/p>\n","protected":false},"author":2,"featured_media":27462,"comment_status":"closed","ping_status":"open","sticky":false,"template":"","format":"standard","meta":[],"categories":[],"tags":[],"_links":{"self":[{"href":"https:\/\/www.lejournalduforkane.com\/index.php\/wp-json\/wp\/v2\/posts\/27461"}],"collection":[{"href":"https:\/\/www.lejournalduforkane.com\/index.php\/wp-json\/wp\/v2\/posts"}],"about":[{"href":"https:\/\/www.lejournalduforkane.com\/index.php\/wp-json\/wp\/v2\/types\/post"}],"author":[{"embeddable":true,"href":"https:\/\/www.lejournalduforkane.com\/index.php\/wp-json\/wp\/v2\/users\/2"}],"replies":[{"embeddable":true,"href":"https:\/\/www.lejournalduforkane.com\/index.php\/wp-json\/wp\/v2\/comments?post=27461"}],"version-history":[{"count":1,"href":"https:\/\/www.lejournalduforkane.com\/index.php\/wp-json\/wp\/v2\/posts\/27461\/revisions"}],"predecessor-version":[{"id":27463,"href":"https:\/\/www.lejournalduforkane.com\/index.php\/wp-json\/wp\/v2\/posts\/27461\/revisions\/27463"}],"wp:featuredmedia":[{"embeddable":true,"href":"https:\/\/www.lejournalduforkane.com\/index.php\/wp-json\/wp\/v2\/media\/27462"}],"wp:attachment":[{"href":"https:\/\/www.lejournalduforkane.com\/index.php\/wp-json\/wp\/v2\/media?parent=27461"}],"wp:term":[{"taxonomy":"category","embeddable":true,"href":"https:\/\/www.lejournalduforkane.com\/index.php\/wp-json\/wp\/v2\/categories?post=27461"},{"taxonomy":"post_tag","embeddable":true,"href":"https:\/\/www.lejournalduforkane.com\/index.php\/wp-json\/wp\/v2\/tags?post=27461"}],"curies":[{"name":"wp","href":"https:\/\/api.w.org\/{rel}","templated":true}]}}