
{"id":27464,"date":"2021-10-27T17:15:08","date_gmt":"2021-10-27T17:15:08","guid":{"rendered":"https:\/\/www.lejournalduforkane.com\/?p=27464"},"modified":"2022-07-18T11:24:03","modified_gmt":"2022-07-18T11:24:03","slug":"new-post-israel-intouchable-complice","status":"publish","type":"post","link":"https:\/\/www.lejournalduforkane.com\/index.php\/new-post-israel-intouchable-complice\/","title":{"rendered":"Isra\u00ebl, intouchable complice"},"content":{"rendered":"<p>De tous les c\u00f4t\u00e9s, des terroristes wahhabites takfiristes se d\u00e9cha\u00eenent (comme en Syrie, Jordanie et Egypte) sans jamais toucher Isra\u00ebl.<\/p>\n<p>Au contraire, ils le d\u00e9barrassent de ses vrais ennemis. Attentat en Egypte : 305 morts, des centaines de bless\u00e9s dans une mosqu\u00e9e soufie. Si l\u2019Arm\u00e9e \u00e9gyptienne n\u2019arrive pas \u00e0 en venir \u00e0 bout, c\u2019est que les takfiristes retournent en Isra\u00ebl apr\u00e8s chaque attaque.<\/p>\n<p>Nul n\u2019est \u00e9pargn\u00e9 tant les institutions que la population. En fait, le pays qui forme les coalitions, l\u2019utilise \u00e0 ses propres int\u00e9r\u00eats. La \u00ab\u00a0la lutte contre le terrorisme\u00a0\u00bb n\u2019est qu\u2019un paravent. Dire que le Hezbollah est une \u00ab\u00a0organisation terroriste\u00a0\u00bb, r\u00e9v\u00e8le la cible de ces coalitions.<\/p>\n<p>Isra\u00ebl est au c\u0153ur du terrorisme dans les pays touch\u00e9s. Al-Mahdi est en col\u00e8re car Isra\u00ebl est \u00e0 l\u2019origine du chaos dans la r\u00e9gion et cela cr\u00e8ve les yeux.<\/p>\n","protected":false},"excerpt":{"rendered":"<p>De tous les c\u00f4t\u00e9s, des terroristes wahhabites takfiristes se d\u00e9cha\u00eenent (comme en Syrie, Jordanie et Egypte) sans jamais toucher Isra\u00ebl. Au contraire, ils le d\u00e9barrassent de ses vrais ennemis. Attentat<\/p>\n","protected":false},"author":2,"featured_media":27465,"comment_status":"closed","ping_status":"open","sticky":false,"template":"","format":"standard","meta":[],"categories":[],"tags":[],"_links":{"self":[{"href":"https:\/\/www.lejournalduforkane.com\/index.php\/wp-json\/wp\/v2\/posts\/27464"}],"collection":[{"href":"https:\/\/www.lejournalduforkane.com\/index.php\/wp-json\/wp\/v2\/posts"}],"about":[{"href":"https:\/\/www.lejournalduforkane.com\/index.php\/wp-json\/wp\/v2\/types\/post"}],"author":[{"embeddable":true,"href":"https:\/\/www.lejournalduforkane.com\/index.php\/wp-json\/wp\/v2\/users\/2"}],"replies":[{"embeddable":true,"href":"https:\/\/www.lejournalduforkane.com\/index.php\/wp-json\/wp\/v2\/comments?post=27464"}],"version-history":[{"count":2,"href":"https:\/\/www.lejournalduforkane.com\/index.php\/wp-json\/wp\/v2\/posts\/27464\/revisions"}],"predecessor-version":[{"id":28846,"href":"https:\/\/www.lejournalduforkane.com\/index.php\/wp-json\/wp\/v2\/posts\/27464\/revisions\/28846"}],"wp:featuredmedia":[{"embeddable":true,"href":"https:\/\/www.lejournalduforkane.com\/index.php\/wp-json\/wp\/v2\/media\/27465"}],"wp:attachment":[{"href":"https:\/\/www.lejournalduforkane.com\/index.php\/wp-json\/wp\/v2\/media?parent=27464"}],"wp:term":[{"taxonomy":"category","embeddable":true,"href":"https:\/\/www.lejournalduforkane.com\/index.php\/wp-json\/wp\/v2\/categories?post=27464"},{"taxonomy":"post_tag","embeddable":true,"href":"https:\/\/www.lejournalduforkane.com\/index.php\/wp-json\/wp\/v2\/tags?post=27464"}],"curies":[{"name":"wp","href":"https:\/\/api.w.org\/{rel}","templated":true}]}}