
{"id":27485,"date":"2021-10-28T16:50:01","date_gmt":"2021-10-28T16:50:01","guid":{"rendered":"https:\/\/www.lejournalduforkane.com\/?p=27485"},"modified":"2022-07-18T11:23:55","modified_gmt":"2022-07-18T11:23:55","slug":"new-post-yemen-destruction-humaines-et-materielles","status":"publish","type":"post","link":"https:\/\/www.lejournalduforkane.com\/index.php\/new-post-yemen-destruction-humaines-et-materielles\/","title":{"rendered":"Y\u00e9men, destruction humaines et mat\u00e9rielles"},"content":{"rendered":"<p style=\"text-align: justify;\">L\u2019Arabie, depuis plus de 3 ans, ne compte plus les sommes colossales qui se montent \u00e0 des dizaines de milliards de dollars pour d\u00e9truire les y\u00e9m\u00e9nites.<\/p>\n<p style=\"text-align: justify;\">La coalition saoudienne bombarde \u00e0 un rythme effrayant\u00a0: 100 frappes a\u00e9riennes par jour\u00a0; apr\u00e8s 1000 jours, cela fait 100\u00a0000 frappes. Mais, \u00e0 terme, le Y\u00e9men est le cimeti\u00e8re des envahisseurs et aujourd\u2019hui des saoudiens.<\/p>\n<p style=\"text-align: justify;\">Le Y\u00e9men est invincible sur le plan militaire. Mais la l\u00e2chet\u00e9 du blocus ajout\u00e9 \u00e0 celle de la constitution d\u2019une coalition, fait beaucoup de mal \u00e0 la population civile : 19 millions de personnes sont d\u00e9pendantes de l\u2019aide humanitaire et 500 000 souffrent du chol\u00e9ra.<\/p>\n<p style=\"text-align: justify;\">La situation des enfants est catastrophique comme pour d\u00e9raciner la vie m\u00eame, de cette contr\u00e9e : 70 000 tonnes de nourriture destin\u00e9es aux civils a \u00e9t\u00e9 stopp\u00e9s par l\u2019Arabie.<\/p>\n<p style=\"text-align: justify;\">\nPour Al-Mahdi, le Y\u00e9men est le peuple de Dieu, croyant et sage, qui conna\u00eet les sacrifices de la libert\u00e9.<\/p>\n","protected":false},"excerpt":{"rendered":"<p>L\u2019Arabie, depuis plus de 3 ans, ne compte plus les sommes colossales qui se montent \u00e0 des dizaines de milliards de dollars pour d\u00e9truire les y\u00e9m\u00e9nites. La coalition saoudienne bombarde<\/p>\n","protected":false},"author":2,"featured_media":27486,"comment_status":"closed","ping_status":"open","sticky":false,"template":"","format":"standard","meta":[],"categories":[],"tags":[],"_links":{"self":[{"href":"https:\/\/www.lejournalduforkane.com\/index.php\/wp-json\/wp\/v2\/posts\/27485"}],"collection":[{"href":"https:\/\/www.lejournalduforkane.com\/index.php\/wp-json\/wp\/v2\/posts"}],"about":[{"href":"https:\/\/www.lejournalduforkane.com\/index.php\/wp-json\/wp\/v2\/types\/post"}],"author":[{"embeddable":true,"href":"https:\/\/www.lejournalduforkane.com\/index.php\/wp-json\/wp\/v2\/users\/2"}],"replies":[{"embeddable":true,"href":"https:\/\/www.lejournalduforkane.com\/index.php\/wp-json\/wp\/v2\/comments?post=27485"}],"version-history":[{"count":2,"href":"https:\/\/www.lejournalduforkane.com\/index.php\/wp-json\/wp\/v2\/posts\/27485\/revisions"}],"predecessor-version":[{"id":28845,"href":"https:\/\/www.lejournalduforkane.com\/index.php\/wp-json\/wp\/v2\/posts\/27485\/revisions\/28845"}],"wp:featuredmedia":[{"embeddable":true,"href":"https:\/\/www.lejournalduforkane.com\/index.php\/wp-json\/wp\/v2\/media\/27486"}],"wp:attachment":[{"href":"https:\/\/www.lejournalduforkane.com\/index.php\/wp-json\/wp\/v2\/media?parent=27485"}],"wp:term":[{"taxonomy":"category","embeddable":true,"href":"https:\/\/www.lejournalduforkane.com\/index.php\/wp-json\/wp\/v2\/categories?post=27485"},{"taxonomy":"post_tag","embeddable":true,"href":"https:\/\/www.lejournalduforkane.com\/index.php\/wp-json\/wp\/v2\/tags?post=27485"}],"curies":[{"name":"wp","href":"https:\/\/api.w.org\/{rel}","templated":true}]}}