
{"id":27603,"date":"2021-11-06T18:03:00","date_gmt":"2021-11-06T18:03:00","guid":{"rendered":"https:\/\/www.lejournalduforkane.com\/?p=27603"},"modified":"2021-12-01T18:09:27","modified_gmt":"2021-12-01T18:09:27","slug":"benny-gantz-il-sagit-dune-visite-historique-nous-avons-pose-les-bases-dune-cooperation-securitaire-et-industrielle-entre-israel-et-le-maroc-notre-pays-beneficiera-largement-de-cette-relati","status":"publish","type":"post","link":"https:\/\/www.lejournalduforkane.com\/index.php\/benny-gantz-il-sagit-dune-visite-historique-nous-avons-pose-les-bases-dune-cooperation-securitaire-et-industrielle-entre-israel-et-le-maroc-notre-pays-beneficiera-largement-de-cette-relati\/","title":{"rendered":"Benny Gantz : \u00ab\u00a0Il s&rsquo;agit d&rsquo;une visite historique. Nous avons pos\u00e9 les bases d&rsquo;une coop\u00e9ration s\u00e9curitaire et industrielle entre Isra\u00ebl et le Maroc. Notre pays b\u00e9n\u00e9ficiera largement de cette relation\u00a0\u00bb"},"content":{"rendered":"\n<iframe loading=\"lazy\" src=\"https:\/\/www.facebook.com\/plugins\/video.php?height=331&#038;href=https%3A%2F%2Fwww.facebook.com%2Fle.journal.du.forqane%2Fvideos%2F462502065582350%2F&#038;show_text=false&#038;width=560&#038;t=0\" width=\"560\" height=\"331\" style=\"border:none;overflow:hidden\" scrolling=\"no\" frameborder=\"0\" allowfullscreen=\"true\" allow=\"autoplay; clipboard-write; encrypted-media; picture-in-picture; web-share\" allowFullScreen=\"true\"><\/iframe>\n","protected":false},"excerpt":{"rendered":"","protected":false},"author":2,"featured_media":27604,"comment_status":"closed","ping_status":"open","sticky":false,"template":"","format":"standard","meta":[],"categories":[],"tags":[],"_links":{"self":[{"href":"https:\/\/www.lejournalduforkane.com\/index.php\/wp-json\/wp\/v2\/posts\/27603"}],"collection":[{"href":"https:\/\/www.lejournalduforkane.com\/index.php\/wp-json\/wp\/v2\/posts"}],"about":[{"href":"https:\/\/www.lejournalduforkane.com\/index.php\/wp-json\/wp\/v2\/types\/post"}],"author":[{"embeddable":true,"href":"https:\/\/www.lejournalduforkane.com\/index.php\/wp-json\/wp\/v2\/users\/2"}],"replies":[{"embeddable":true,"href":"https:\/\/www.lejournalduforkane.com\/index.php\/wp-json\/wp\/v2\/comments?post=27603"}],"version-history":[{"count":1,"href":"https:\/\/www.lejournalduforkane.com\/index.php\/wp-json\/wp\/v2\/posts\/27603\/revisions"}],"predecessor-version":[{"id":27605,"href":"https:\/\/www.lejournalduforkane.com\/index.php\/wp-json\/wp\/v2\/posts\/27603\/revisions\/27605"}],"wp:featuredmedia":[{"embeddable":true,"href":"https:\/\/www.lejournalduforkane.com\/index.php\/wp-json\/wp\/v2\/media\/27604"}],"wp:attachment":[{"href":"https:\/\/www.lejournalduforkane.com\/index.php\/wp-json\/wp\/v2\/media?parent=27603"}],"wp:term":[{"taxonomy":"category","embeddable":true,"href":"https:\/\/www.lejournalduforkane.com\/index.php\/wp-json\/wp\/v2\/categories?post=27603"},{"taxonomy":"post_tag","embeddable":true,"href":"https:\/\/www.lejournalduforkane.com\/index.php\/wp-json\/wp\/v2\/tags?post=27603"}],"curies":[{"name":"wp","href":"https:\/\/api.w.org\/{rel}","templated":true}]}}